{"id":4287,"date":"2022-08-18T17:07:08","date_gmt":"2022-08-18T17:07:08","guid":{"rendered":"https:\/\/vitaplay.cl\/?p=4287"},"modified":"2022-08-18T17:07:13","modified_gmt":"2022-08-18T17:07:13","slug":"mes-de-la-educacion-tecnico-profesional","status":"publish","type":"post","link":"https:\/\/vitaplay.cl\/?p=4287","title":{"rendered":"Mineduc da inicio al mes de la educaci\u00f3n T\u00e9cnico Profesional con actividades en todo el pa\u00eds"},"content":{"rendered":"[et_pb_section fb_built=\u00bb1&#8243; _builder_version=\u00bb4.16&#8243; _module_preset=\u00bbdefault\u00bb custom_padding=\u00bb3px|||||\u00bb global_colors_info=\u00bb{}\u00bb][et_pb_row _builder_version=\u00bb4.16&#8243; _module_preset=\u00bbdefault\u00bb custom_padding=\u00bb2px|||||\u00bb global_colors_info=\u00bb{}\u00bb][et_pb_column type=\u00bb4_4&#8243; _builder_version=\u00bb4.16&#8243; _module_preset=\u00bbdefault\u00bb global_colors_info=\u00bb{}\u00bb][et_pb_text admin_label=\u00bbIntroduccion\u00bb _builder_version=\u00bb4.18.0&#8243; _module_preset=\u00bbdefault\u00bb hover_enabled=\u00bb0&#8243; global_colors_info=\u00bb{}\u00bb sticky_enabled=\u00bb0&#8243;]\n<div data-contents=\"true\"><em>Fuente: https:\/\/www.mineduc.cl\/mineduc-da-inicio-al-mes-de-la-educacion-tecnico-profesional\/<br \/><\/em><\/div>\n[\/et_pb_text][et_pb_text admin_label=\u00bbParrafo #1&#8243; _builder_version=\u00bb4.18.0&#8243; _module_preset=\u00bbdefault\u00bb hover_enabled=\u00bb0&#8243; global_colors_info=\u00bb{}\u00bb sticky_enabled=\u00bb0&#8243;]\n<div data-contents=\"true\">\n<p>Este a\u00f1o se cumplen 80 a\u00f1os desde que el 26 de agosto de 1942 se creara la Direcci\u00f3n General de Ense\u00f1anza Profesional, bajo el mandato del Presidente Juan Antonio R\u00edos. En el marco de las actividades por la conmemoraci\u00f3n de la educaci\u00f3n T\u00e9cnico Profesional (TP), el Ministerio de Educaci\u00f3n dio a conocer las actividades que se realizar\u00e1n este mes con el fin de relevar esta formaci\u00f3n y el proyecto de transitar hacia una formaci\u00f3n t\u00e9cnica centrada en el bienestar de los y las estudiantes y las comunidades.<\/p>\n<p>Actualmente existen 931 liceos t\u00e9cnico-profesionales a lo largo del pa\u00eds, el 37% de la matr\u00edcula total de 3\u00b0 y 4\u00b0 medio con poco m\u00e1s de 160.000 estudiantes; el 46% de ellos estudia en un establecimiento p\u00fablico que ofrece esta formaci\u00f3n. Por su parte, la educaci\u00f3n superior TP representa m\u00e1s del 50% de la matr\u00edcula de primer a\u00f1o en carreras universitarias de pregrado.<\/p>\n<\/div>\n[\/et_pb_text][et_pb_image src=\u00bbhttps:\/\/vitaplay.cl\/wp-content\/uploads\/2022\/08\/pexels-ksenia-chernaya-8535230-scaled.jpg\u00bb alt=\u00bbProfesora\u00bb title_text=\u00bbProfesora\u00bb _builder_version=\u00bb4.18.0&#8243; _module_preset=\u00bbdefault\u00bb hover_enabled=\u00bb0&#8243; global_colors_info=\u00bb{}\u00bb sticky_enabled=\u00bb0&#8243;][\/et_pb_image][et_pb_divider show_divider=\u00bboff\u00bb _builder_version=\u00bb4.18.0&#8243; _module_preset=\u00bbdefault\u00bb global_colors_info=\u00bb{}\u00bb][\/et_pb_divider][et_pb_text admin_label=\u00bbParrafo #2&#8243; _builder_version=\u00bb4.18.0&#8243; _module_preset=\u00bbdefault\u00bb hover_enabled=\u00bb0&#8243; global_colors_info=\u00bb{}\u00bb sticky_enabled=\u00bb0&#8243;]\n<p>A lo largo de todo el pa\u00eds se efectuar\u00e1n actividades como conversatorios, ferias, charlas, exposiciones, muestras pedag\u00f3gicas, encuentros y distintas instancias de conmemoraci\u00f3n. En regiones como la de Magallanes y la Ant\u00e1rtica Chilena, desde el 8 de agosto y durante el mes se realizar\u00e1n ferias educativas con instituciones de educaci\u00f3n superior y liceos t\u00e9cnico-profesionales, que orientar\u00e1n a los y las estudiantes en su decisi\u00f3n de continuar estudios superiores y entregarles herramientas para su proceso vocacional. Al otro extremo, en Arica y Parinacota, se har\u00e1n encuentros con estudiantes de colegios TP de la regi\u00f3n para que conozcan el quehacer de los servicios p\u00fablicos, espacios que pueden convertirse en potenciales centros de apoyo a la formaci\u00f3n y el fortalecimiento de competencias T\u00e9cnico Profesionales.<\/p>\n<p>\u201cLos invitamos a que este mes en que celebramos los 80 a\u00f1os de la educaci\u00f3n T\u00e9cnico Profesional sea el punto de partida para que actores e instituciones del \u00e1mbito p\u00fablico y privado trabajemos juntos para que los y las estudiantes TP puedan contar con un espacio efectivo de desarrollo personal y social vinculado al trabajo decente, al desarrollo sostenible y a la vida democr\u00e1tica\u201d, sostuvo el subsecretario de Educaci\u00f3n, Nicol\u00e1s Cataldo.<\/p>\n<p>Uno de los focos de la agenda de Gobierno en la educaci\u00f3n T\u00e9cnico Profesional es impulsar la participaci\u00f3n social plena de las y los estudiantes, es decir, una formaci\u00f3n integral que los involucra como parte activa del crecimiento productivo y social del pa\u00eds.<\/p>\n[\/et_pb_text][et_pb_text admin_label=\u00bbConclusi\u00f3n\u00bb _builder_version=\u00bb4.18.0&#8243; _module_preset=\u00bbdefault\u00bb global_colors_info=\u00bb{}\u00bb]\n<h3 class=\"public-DraftStyleDefault-block public-DraftStyleDefault-ltr\" data-offset-key=\"apbuc-0-0\"><span data-offset-key=\"apbuc-0-0\">Conclusi\u00f3n<\/span><\/h3>\n<div class=\"\" data-block=\"true\" data-editor=\"8b4tb\" data-offset-key=\"5jekt-0-0\">\n<div class=\"public-DraftStyleDefault-block public-DraftStyleDefault-ltr\" data-offset-key=\"5jekt-0-0\"><span data-offset-key=\"5jekt-0-0\">Esperamos que hayas disfrutado de nuestra lista de 10 actividades para hacer durante el invierno. El invierno puede ser un buen momento para quedarse en casa y disfrutar de un tiempo de calidad en familia o salir y explorar el clima fr\u00edo. Independientemente de lo que elijas hacer, \u00a1aseg\u00farate de mantenerte a salvo y divertirte!<\/span><\/div>\n<\/div>\n[\/et_pb_text][et_pb_text admin_label=\u00bbSignature\u00bb _builder_version=\u00bb4.18.0&#8243; _module_preset=\u00bbdefault\u00bb locked=\u00bboff\u00bb global_colors_info=\u00bb{}\u00bb]\n<h2><img loading=\"lazy\" decoding=\"async\" class=\"wp-image-1986 size-medium aligncenter\" src=\"https:\/\/vitaplay.cl\/wp-content\/uploads\/2020\/11\/Jani-2-300x233.jpg\" alt=\"Jani 2\" width=\"300\" height=\"233\" \/><\/h2>\n<h2 style=\"text-align: center;\"><a href=\"https:\/\/www.linkedin.com\/in\/alesoprano\/\" target=\"_blank\" rel=\"noopener noreferrer\">Alejandra Jim\u00e9nez<\/a><\/h2>\n<p style=\"text-align: center;\"><strong>Teor\u00edas de Aprendizaje de la Lengua Inglesa<\/strong><\/p>\n[\/et_pb_text][\/et_pb_column][\/et_pb_row][\/et_pb_section]\n","protected":false},"excerpt":{"rendered":"<p>Mineduc da inicio al mes de la educaci\u00f3n T\u00e9cnico Profesional con actividades en todo el pa\u00eds<\/p>\n","protected":false},"author":650,"featured_media":4289,"comment_status":"closed","ping_status":"closed","sticky":false,"template":"","format":"standard","meta":{"_et_pb_use_builder":"on","_et_pb_old_content":"","_et_gb_content_width":"","footnotes":""},"categories":[16],"tags":[127,130,51],"class_list":["post-4287","post","type-post","status-publish","format-standard","has-post-thumbnail","hentry","category-blog","tag-calendario-escolar","tag-efemerides","tag-mineduc"],"yoast_head":"<!-- This site is optimized with the Yoast SEO plugin v26.6 - https:\/\/yoast.com\/wordpress\/plugins\/seo\/ -->\n<title>Mineduc da inicio al mes de la educaci\u00f3n T\u00e9cnico Profesional con actividades en todo el pa\u00eds<\/title>\n<meta name=\"description\" content=\"Este a\u00f1o se cumplen 80 a\u00f1os desde que el 26 de agosto de 1942 se creara la Direcci\u00f3n General de Ense\u00f1anza Profesional.\" \/>\n<meta name=\"robots\" content=\"index, follow, max-snippet:-1, max-image-preview:large, max-video-preview:-1\" \/>\n<link rel=\"canonical\" href=\"https:\/\/vitaplay.cl\/?p=4287\" \/>\n<meta property=\"og:locale\" content=\"es_ES\" \/>\n<meta property=\"og:type\" content=\"article\" \/>\n<meta property=\"og:title\" content=\"Mineduc da inicio al mes de la educaci\u00f3n T\u00e9cnico Profesional con actividades en todo el pa\u00eds\" \/>\n<meta property=\"og:description\" content=\"Este a\u00f1o se cumplen 80 a\u00f1os desde que el 26 de agosto de 1942 se creara la Direcci\u00f3n General de Ense\u00f1anza Profesional.\" \/>\n<meta property=\"og:url\" content=\"https:\/\/vitaplay.cl\/?p=4287\" \/>\n<meta property=\"og:site_name\" content=\"Corporaci\u00f3n Vitaplay\" \/>\n<meta property=\"article:published_time\" content=\"2022-08-18T17:07:08+00:00\" \/>\n<meta property=\"article:modified_time\" content=\"2022-08-18T17:07:13+00:00\" \/>\n<meta property=\"og:image\" content=\"https:\/\/vitaplay.cl\/wp-content\/uploads\/2022\/06\/pexels-werner-pfennig-6950018-scaled.jpg\" \/>\n\t<meta property=\"og:image:width\" content=\"2560\" \/>\n\t<meta property=\"og:image:height\" content=\"1707\" \/>\n\t<meta property=\"og:image:type\" content=\"image\/jpeg\" \/>\n<meta name=\"author\" content=\"Eduardo Reyes\" \/>\n<meta name=\"twitter:card\" content=\"summary_large_image\" \/>\n<meta name=\"twitter:title\" content=\"Aprende a ser carism\u00e1tico con estos 10 consejos\" \/>\n<meta name=\"twitter:label1\" content=\"Escrito por\" \/>\n\t<meta name=\"twitter:data1\" content=\"Eduardo Reyes\" \/>\n\t<meta name=\"twitter:label2\" content=\"Tiempo de lectura\" \/>\n\t<meta name=\"twitter:data2\" content=\"4 minutos\" \/>\n<script type=\"application\/ld+json\" class=\"yoast-schema-graph\">{\"@context\":\"https:\/\/schema.org\",\"@graph\":[{\"@type\":\"WebPage\",\"@id\":\"https:\/\/vitaplay.cl\/?p=4287\",\"url\":\"https:\/\/vitaplay.cl\/?p=4287\",\"name\":\"Mineduc da inicio al mes de la educaci\u00f3n T\u00e9cnico Profesional con actividades en todo el pa\u00eds\",\"isPartOf\":{\"@id\":\"https:\/\/vitaplay.cl\/#website\"},\"primaryImageOfPage\":{\"@id\":\"https:\/\/vitaplay.cl\/?p=4287#primaryimage\"},\"image\":{\"@id\":\"https:\/\/vitaplay.cl\/?p=4287#primaryimage\"},\"thumbnailUrl\":\"https:\/\/vitaplay.cl\/wp-content\/uploads\/2022\/08\/pexels-ksenia-chernaya-8535230-scaled.jpg\",\"datePublished\":\"2022-08-18T17:07:08+00:00\",\"dateModified\":\"2022-08-18T17:07:13+00:00\",\"author\":{\"@id\":\"https:\/\/vitaplay.cl\/#\/schema\/person\/8a80eba3988b10894f8b3d110fd45ab4\"},\"description\":\"Este a\u00f1o se cumplen 80 a\u00f1os desde que el 26 de agosto de 1942 se creara la Direcci\u00f3n General de Ense\u00f1anza Profesional.\",\"breadcrumb\":{\"@id\":\"https:\/\/vitaplay.cl\/?p=4287#breadcrumb\"},\"inLanguage\":\"es\",\"potentialAction\":[{\"@type\":\"ReadAction\",\"target\":[\"https:\/\/vitaplay.cl\/?p=4287\"]}]},{\"@type\":\"ImageObject\",\"inLanguage\":\"es\",\"@id\":\"https:\/\/vitaplay.cl\/?p=4287#primaryimage\",\"url\":\"https:\/\/vitaplay.cl\/wp-content\/uploads\/2022\/08\/pexels-ksenia-chernaya-8535230-scaled.jpg\",\"contentUrl\":\"https:\/\/vitaplay.cl\/wp-content\/uploads\/2022\/08\/pexels-ksenia-chernaya-8535230-scaled.jpg\",\"width\":2560,\"height\":1709,\"caption\":\"Profesora\"},{\"@type\":\"BreadcrumbList\",\"@id\":\"https:\/\/vitaplay.cl\/?p=4287#breadcrumb\",\"itemListElement\":[{\"@type\":\"ListItem\",\"position\":1,\"name\":\"Portada\",\"item\":\"https:\/\/vitaplay.cl\/\"},{\"@type\":\"ListItem\",\"position\":2,\"name\":\"Mineduc da inicio al mes de la educaci\u00f3n T\u00e9cnico Profesional con actividades en todo el pa\u00eds\"}]},{\"@type\":\"WebSite\",\"@id\":\"https:\/\/vitaplay.cl\/#website\",\"url\":\"https:\/\/vitaplay.cl\/\",\"name\":\"Corporaci\u00f3n Vitaplay\",\"description\":\"Un mundo de aventuras\",\"potentialAction\":[{\"@type\":\"SearchAction\",\"target\":{\"@type\":\"EntryPoint\",\"urlTemplate\":\"https:\/\/vitaplay.cl\/?s={search_term_string}\"},\"query-input\":{\"@type\":\"PropertyValueSpecification\",\"valueRequired\":true,\"valueName\":\"search_term_string\"}}],\"inLanguage\":\"es\"},{\"@type\":\"Person\",\"@id\":\"https:\/\/vitaplay.cl\/#\/schema\/person\/8a80eba3988b10894f8b3d110fd45ab4\",\"name\":\"Eduardo Reyes\",\"image\":{\"@type\":\"ImageObject\",\"inLanguage\":\"es\",\"@id\":\"https:\/\/vitaplay.cl\/#\/schema\/person\/image\/\",\"url\":\"https:\/\/secure.gravatar.com\/avatar\/ae493060ae9ee52ea5e3e7e2694139a6b6cffd0bff35bdb763226d8751cc14fd?s=96&d=mm&r=g\",\"contentUrl\":\"https:\/\/secure.gravatar.com\/avatar\/ae493060ae9ee52ea5e3e7e2694139a6b6cffd0bff35bdb763226d8751cc14fd?s=96&d=mm&r=g\",\"caption\":\"Eduardo Reyes\"},\"url\":\"https:\/\/vitaplay.cl\/?author=650\"}]}<\/script>\n<!-- \/ Yoast SEO plugin. -->","yoast_head_json":{"title":"Mineduc da inicio al mes de la educaci\u00f3n T\u00e9cnico Profesional con actividades en todo el pa\u00eds","description":"Este a\u00f1o se cumplen 80 a\u00f1os desde que el 26 de agosto de 1942 se creara la Direcci\u00f3n General de Ense\u00f1anza Profesional.","robots":{"index":"index","follow":"follow","max-snippet":"max-snippet:-1","max-image-preview":"max-image-preview:large","max-video-preview":"max-video-preview:-1"},"canonical":"https:\/\/vitaplay.cl\/?p=4287","og_locale":"es_ES","og_type":"article","og_title":"Mineduc da inicio al mes de la educaci\u00f3n T\u00e9cnico Profesional con actividades en todo el pa\u00eds","og_description":"Este a\u00f1o se cumplen 80 a\u00f1os desde que el 26 de agosto de 1942 se creara la Direcci\u00f3n General de Ense\u00f1anza Profesional.","og_url":"https:\/\/vitaplay.cl\/?p=4287","og_site_name":"Corporaci\u00f3n Vitaplay","article_published_time":"2022-08-18T17:07:08+00:00","article_modified_time":"2022-08-18T17:07:13+00:00","og_image":[{"width":2560,"height":1707,"url":"https:\/\/vitaplay.cl\/wp-content\/uploads\/2022\/06\/pexels-werner-pfennig-6950018-scaled.jpg","type":"image\/jpeg"}],"author":"Eduardo Reyes","twitter_card":"summary_large_image","twitter_title":"Aprende a ser carism\u00e1tico con estos 10 consejos","twitter_misc":{"Escrito por":"Eduardo Reyes","Tiempo de lectura":"4 minutos"},"schema":{"@context":"https:\/\/schema.org","@graph":[{"@type":"WebPage","@id":"https:\/\/vitaplay.cl\/?p=4287","url":"https:\/\/vitaplay.cl\/?p=4287","name":"Mineduc da inicio al mes de la educaci\u00f3n T\u00e9cnico Profesional con actividades en todo el pa\u00eds","isPartOf":{"@id":"https:\/\/vitaplay.cl\/#website"},"primaryImageOfPage":{"@id":"https:\/\/vitaplay.cl\/?p=4287#primaryimage"},"image":{"@id":"https:\/\/vitaplay.cl\/?p=4287#primaryimage"},"thumbnailUrl":"https:\/\/vitaplay.cl\/wp-content\/uploads\/2022\/08\/pexels-ksenia-chernaya-8535230-scaled.jpg","datePublished":"2022-08-18T17:07:08+00:00","dateModified":"2022-08-18T17:07:13+00:00","author":{"@id":"https:\/\/vitaplay.cl\/#\/schema\/person\/8a80eba3988b10894f8b3d110fd45ab4"},"description":"Este a\u00f1o se cumplen 80 a\u00f1os desde que el 26 de agosto de 1942 se creara la Direcci\u00f3n General de Ense\u00f1anza Profesional.","breadcrumb":{"@id":"https:\/\/vitaplay.cl\/?p=4287#breadcrumb"},"inLanguage":"es","potentialAction":[{"@type":"ReadAction","target":["https:\/\/vitaplay.cl\/?p=4287"]}]},{"@type":"ImageObject","inLanguage":"es","@id":"https:\/\/vitaplay.cl\/?p=4287#primaryimage","url":"https:\/\/vitaplay.cl\/wp-content\/uploads\/2022\/08\/pexels-ksenia-chernaya-8535230-scaled.jpg","contentUrl":"https:\/\/vitaplay.cl\/wp-content\/uploads\/2022\/08\/pexels-ksenia-chernaya-8535230-scaled.jpg","width":2560,"height":1709,"caption":"Profesora"},{"@type":"BreadcrumbList","@id":"https:\/\/vitaplay.cl\/?p=4287#breadcrumb","itemListElement":[{"@type":"ListItem","position":1,"name":"Portada","item":"https:\/\/vitaplay.cl\/"},{"@type":"ListItem","position":2,"name":"Mineduc da inicio al mes de la educaci\u00f3n T\u00e9cnico Profesional con actividades en todo el pa\u00eds"}]},{"@type":"WebSite","@id":"https:\/\/vitaplay.cl\/#website","url":"https:\/\/vitaplay.cl\/","name":"Corporaci\u00f3n Vitaplay","description":"Un mundo de aventuras","potentialAction":[{"@type":"SearchAction","target":{"@type":"EntryPoint","urlTemplate":"https:\/\/vitaplay.cl\/?s={search_term_string}"},"query-input":{"@type":"PropertyValueSpecification","valueRequired":true,"valueName":"search_term_string"}}],"inLanguage":"es"},{"@type":"Person","@id":"https:\/\/vitaplay.cl\/#\/schema\/person\/8a80eba3988b10894f8b3d110fd45ab4","name":"Eduardo Reyes","image":{"@type":"ImageObject","inLanguage":"es","@id":"https:\/\/vitaplay.cl\/#\/schema\/person\/image\/","url":"https:\/\/secure.gravatar.com\/avatar\/ae493060ae9ee52ea5e3e7e2694139a6b6cffd0bff35bdb763226d8751cc14fd?s=96&d=mm&r=g","contentUrl":"https:\/\/secure.gravatar.com\/avatar\/ae493060ae9ee52ea5e3e7e2694139a6b6cffd0bff35bdb763226d8751cc14fd?s=96&d=mm&r=g","caption":"Eduardo Reyes"},"url":"https:\/\/vitaplay.cl\/?author=650"}]}},"_links":{"self":[{"href":"https:\/\/vitaplay.cl\/index.php?rest_route=\/wp\/v2\/posts\/4287","targetHints":{"allow":["GET"]}}],"collection":[{"href":"https:\/\/vitaplay.cl\/index.php?rest_route=\/wp\/v2\/posts"}],"about":[{"href":"https:\/\/vitaplay.cl\/index.php?rest_route=\/wp\/v2\/types\/post"}],"author":[{"embeddable":true,"href":"https:\/\/vitaplay.cl\/index.php?rest_route=\/wp\/v2\/users\/650"}],"replies":[{"embeddable":true,"href":"https:\/\/vitaplay.cl\/index.php?rest_route=%2Fwp%2Fv2%2Fcomments&post=4287"}],"version-history":[{"count":3,"href":"https:\/\/vitaplay.cl\/index.php?rest_route=\/wp\/v2\/posts\/4287\/revisions"}],"predecessor-version":[{"id":4292,"href":"https:\/\/vitaplay.cl\/index.php?rest_route=\/wp\/v2\/posts\/4287\/revisions\/4292"}],"wp:featuredmedia":[{"embeddable":true,"href":"https:\/\/vitaplay.cl\/index.php?rest_route=\/wp\/v2\/media\/4289"}],"wp:attachment":[{"href":"https:\/\/vitaplay.cl\/index.php?rest_route=%2Fwp%2Fv2%2Fmedia&parent=4287"}],"wp:term":[{"taxonomy":"category","embeddable":true,"href":"https:\/\/vitaplay.cl\/index.php?rest_route=%2Fwp%2Fv2%2Fcategories&post=4287"},{"taxonomy":"post_tag","embeddable":true,"href":"https:\/\/vitaplay.cl\/index.php?rest_route=%2Fwp%2Fv2%2Ftags&post=4287"}],"curies":[{"name":"wp","href":"https:\/\/api.w.org\/{rel}","templated":true}]}}