{"id":4223,"date":"2022-05-25T03:38:34","date_gmt":"2022-05-25T03:38:34","guid":{"rendered":"https:\/\/vitaplay.cl\/?p=4223"},"modified":"2022-06-22T02:33:08","modified_gmt":"2022-06-22T02:33:08","slug":"dia-de-los-patrimonios-de-chile","status":"publish","type":"post","link":"https:\/\/vitaplay.cl\/?p=4223","title":{"rendered":"D\u00eda de los Patrimonios de Chile"},"content":{"rendered":"[et_pb_section fb_built=\u00bb1&#8243; _builder_version=\u00bb4.16&#8243; _module_preset=\u00bbdefault\u00bb global_colors_info=\u00bb{}\u00bb][et_pb_row _builder_version=\u00bb4.16&#8243; _module_preset=\u00bbdefault\u00bb global_colors_info=\u00bb{}\u00bb][et_pb_column type=\u00bb4_4&#8243; _builder_version=\u00bb4.16&#8243; _module_preset=\u00bbdefault\u00bb global_colors_info=\u00bb{}\u00bb][et_pb_text content_tablet=\u00bb\u00bb content_phone=\u00bb\u00bb content_last_edited=\u00bbon|desktop\u00bb admin_label=\u00bbIntroducci\u00f3n\u00bb _builder_version=\u00bb4.17.4&#8243; _module_preset=\u00bbdefault\u00bb global_colors_info=\u00bb{}\u00bb]\n<div dir=\"ltr\">\u00a0<\/div>\n<p>Los d\u00edas\u00a0<strong>28 y 29 de mayo de 2022<\/strong> se celebrar\u00e1 el D\u00eda de los Patrimonios, con el fin de dar cabida a distintas manifestaciones y otorgar oportunidades para visitar los bienes patrimoniales que se encuentran en Chile.<\/p>\n<p>Este a\u00f1o 2022, el evento hasta ahora conocido como D\u00eda del Patrimonio Cultural, cambiar\u00e1 su nombre a D\u00eda de los Patrimonios, con el objetivo de destacar y visibilizar la pluralidad de patrimonios e identidades presentes en Chile, as\u00ed como la diversidad de culturas, comunidades y pueblos que habitan en los territorios de nuestra naci\u00f3n.<\/p>\n<p><img loading=\"lazy\" decoding=\"async\" class=\"wp-image-4228  aligncenter\" src=\"https:\/\/vitaplay.cl\/wp-content\/uploads\/2022\/06\/Patrimonio_Cultural-300x200.jpg\" alt=\"Patrimonio Cultural\" width=\"513\" height=\"342\" \/><\/p>\n<p style=\"text-align: center;\"><em style=\"text-align: center;\">Fotograf\u00eda<\/em><span style=\"text-align: center;\">:\u00a0 <\/span><a href=\"https:\/\/www.pexels.com\/@charles-parker\/\">Charles Parker<\/a><\/p>\n<p>&nbsp;<\/p>\n[\/et_pb_text][\/et_pb_column][\/et_pb_row][et_pb_row admin_label=\u00bbFila\u00bb _builder_version=\u00bb4.16&#8243; _module_preset=\u00bbdefault\u00bb global_colors_info=\u00bb{}\u00bb][et_pb_column type=\u00bb4_4&#8243; _builder_version=\u00bb4.16&#8243; _module_preset=\u00bbdefault\u00bb global_colors_info=\u00bb{}\u00bb][et_pb_text admin_label=\u00bbTexto1&#8243; _builder_version=\u00bb4.17.4&#8243; _module_preset=\u00bbdefault\u00bb global_colors_info=\u00bb{}\u00bb]\n<h3>\u00a0<\/h3>\n<p>El D\u00eda del Patrimonio Cultural es una celebraci\u00f3n instaurada en abril de 1999 para promover el disfrute, conocimiento y reflexi\u00f3n ciudadana sobre los patrimonios en Chile. En sus 22 a\u00f1os de historia, se ha destacado por ser uno de los eventos culturales m\u00e1s importantes de nuestro pa\u00eds, por convocar a miles de personas a participar de forma gratuita en una gran variedad de actividades, que les permite conocer, conmemorar y disfrutar las distintas manifestaciones y bienes patrimoniales en Chile.<\/p>\n<p>Esta actividad es coordinada por el Ministerio de las Culturas, las Artes y el Patrimonio y se realiza en conjunto con cientos de organizaciones p\u00fablicas, privadas y de la sociedad civil. El a\u00f1o 2020, por causa de la pandemia de Covid-19, el D\u00eda del Patrimonio 2020 se realiz\u00f3 en formato virtual, con el prop\u00f3sito de continuar con esta tradici\u00f3n y otorgar una instancia de encuentro de las comunidades desde los patrimonios. A partir del a\u00f1o 2021, la actividad se realiza en modalidad mixta, ofreciendo 1.611 actividades presenciales y virtuales, las que registraron un total de 3.007.856 visitas.<\/p>\n<p>&nbsp;<\/p>\n<h3>D\u00eda de los Patrimonios 2022<\/h3>\n<p>El D\u00eda de los Patrimonios 2022 se realizar\u00e1 el \u00faltimo fin de semana de mayo, los d\u00edas s\u00e1bado 28 y domingo 29 de mayo.<\/p>\n<p>Este a\u00f1o 2022, este evento cambia su nombre a D\u00eda de los Patrimonios, con el prop\u00f3sito de destacar y visibilizar la pluralidad de patrimonios e identidades presentes en Chile, as\u00ed como la diversidad de culturas, comunidades y pueblos que habitan en los territorios, y que definen, valoran y transmiten diferentes manifestaciones y bienes patrimoniales.<\/p>\n<p>Reconociendo esta pluralidad, el D\u00eda de los Patrimonios 2022 nos invita a poner en relieve la diversidad cultural del pa\u00eds, considerando sus diferentes patrimonios, herencias, concepciones, memorias, identidades y territorios. Estamos llamados a reflexionar sobre c\u00f3mo contribuir al disfrute, reconocimiento y puesta en valor de los patrimonios, promoviendo la participaci\u00f3n desde una perspectiva m\u00e1s democr\u00e1tica, feminista, inclusiva y representativa de su diversidad.<\/p>\n<p>El concepto \u00abpatrimonio\u00bb no tiene una traducci\u00f3n literal en las lenguas ind\u00edgenas, sin embargo, se ha desarrollado una propuesta de traducciones por parte de las comunidades ind\u00edgenas, para poner en ejercicio el derecho a sus patrimonios culturales propios.<\/p>\n<p>En las lenguas Aymara y Rapa Nui, el t\u00e9rmino hace alusi\u00f3n a la herencia cultural colectiva heredada desde sus antepasados, mientras que en la lengua Quechua, se refiere a la herencia vivida por quien la rememora (colectivamente). La traducci\u00f3n Ckunsa relaciona el concepto \u201cpatrimonio\u201d en una analog\u00eda con el mundo org\u00e1nico natural, y la traducci\u00f3n Yag\u00e1n, con la idea de la siembra y sus significados hacia el futuro. Por otro lado, en lengua Mapudungun el concepto se refiere a las diversas formas de vida, desde lo humano a lo natural, pasando por lo el amplio mundo on\u00edrico y simb\u00f3lico.<\/p>\n<p>&nbsp;<\/p>\n<h3>Traducciones del \u00abD\u00eda de los Patrimonios\u00bb en las distintas lenguas ind\u00edgenas en Chile<\/h3>\n<p>Aymara: Jaytatana katuqata urupa &#8211; D\u00eda de recepci\u00f3n dejado.<\/p>\n<p>Rapa Nui: MAHANA O TE &#8216;ONO TUPUNA\u00bb &#8211; D\u00eda de las riquezas o patrimonio ancestral.<\/p>\n<p>Quechua: Kawsay yuyayninchismanta p&#8217;unchawnin &#8211; D\u00eda de nuestra memoria vivencial.<\/p>\n<p>Mapudugun: Itxofill mogen \u00f1i ant\u00fc &#8211; D\u00eda de todas las formas de vida.<\/p>\n<p>Yag\u00e1n: M\u00f3ala tupu\u0161o yamana usin &#8211; D\u00eda de sembrar vida en la tierra.<\/p>\n<p>Ckunsa: Ckaapin ckaparmuhuckotaay lerickotaay &#8211; D\u00eda de las semillas de las ra\u00edces de los pueblos.<\/p>\n<h2>\u00a0<\/h2>\n<h3>\u00bfC\u00f3mo se celebra el D\u00eda de los Patrimonios en Chile?<\/h3>\n<p>Durante el D\u00eda de los Patrimonios 2022, diversas organizaciones p\u00fablicas, privadas y de la sociedad civil inscribir\u00e1n y pondr\u00e1n a disposici\u00f3n actividades virtuales o presenciales que inviten a compartir, reflexionar y disfrutar las culturas y los patrimonios que tienen expresi\u00f3n en los diferentes territorios y comunidades.<\/p>\n<p>Todas las actividades ser\u00e1n inscritas y difundidas en\u00a0<a href=\"https:\/\/www.diadelospatrimonios.cl\/\">www.diadelospatrimonios.cl<\/a>.<\/p>\n<p>Todos los organizadores deben registrar y reportar el estado de sus actividades inscritas, si \u00e9stas fueron realizadas o no y el n\u00famero de visitas a cada una de sus actividades realizadas durante el D\u00eda de los Patrimonios 2022.<\/p>\n<p>La estad\u00edstica consolidada del D\u00eda de los Patrimonios 2022 se dar\u00e1 a conocer posteriormente a la ciudadan\u00eda y a todos los organizadores de actividades, a trav\u00e9s del <a href=\"https:\/\/www.cultura.gob.cl\/publicaciones\/informe-estadistico-dia-del-patrimonio-cultural-2021\/\">Informe Estad\u00edstico del D\u00eda del Patrimonio<\/a>. Esta informaci\u00f3n contribuye a la investigaci\u00f3n, evaluaci\u00f3n, planificaci\u00f3n y mejor toma de decisiones.<\/p>\n<p>Todos los organizadores que reporten que su actividad fue realizada recibir\u00e1n un certificado de participaci\u00f3n<\/p>\n<p>.<\/p>\n<h3>Coordinadores regionales<\/h3>\n<p>Para facilitar la organizaci\u00f3n de las actividades que se desarrollar\u00e1n a lo largo del pa\u00eds, cada regi\u00f3n cuenta con una coordinaci\u00f3n regional para el D\u00eda de los Patrimonios 2022. A continuaci\u00f3n, se presenta un listado con sus nombres y correos, para que puedan contactarse ante consultas.<\/p>\n<p>&nbsp;<\/p>\n<table class=\"table table-bordered\">\n<thead>\n<tr>\n<th>Regi\u00f3n<\/th>\n<th>Coordinador\/a regional<\/th>\n<th>Correo<\/th>\n<\/tr>\n<\/thead>\n<tbody>\n<tr>\n<td>ARICA Y PARINACOTA<\/td>\n<td>Claudia Andrea Flores Galleguillos<\/td>\n<td>claudia.flores@patrimoniocultural.gob.cl<\/td>\n<\/tr>\n<tr>\n<td>TARAPAC\u00c1<\/td>\n<td>Maryluz Navarrete Vel\u00e1squez<\/td>\n<td>mariluz.navarrete@patrimoniocultural.gob.cl<\/td>\n<\/tr>\n<tr>\n<td>ANTOFAGASTA<\/td>\n<td>Carolina Casta\u00f1eda Pizarro<\/td>\n<td>carolina.castaneda@bibliotecaspublicas.gob.cl<\/td>\n<\/tr>\n<tr>\n<td>ATACAMA<\/td>\n<td>Omar Monroy L\u00f3pez<\/td>\n<td>omar.monroy@bibliotecaspublicas.gob.cl<\/td>\n<\/tr>\n<tr>\n<td>COQUIMBO<\/td>\n<td>Daniela Herrera C\u00e1rdenas<\/td>\n<td>dherrera@monumentos.gob.cl<\/td>\n<\/tr>\n<tr>\n<td>VALPARA\u00cdSO<\/td>\n<td>Jos\u00e9 Duque Saitua<\/td>\n<td>jose.duque@patrimoniocultural.gob.cl<\/td>\n<\/tr>\n<tr>\n<td>METROPOLITANA<\/td>\n<td>Sergio Cabezas Guti\u00e9rrez<\/td>\n<td>sergio.cabezas@patrimoniocultural.gob.cl<\/td>\n<\/tr>\n<tr>\n<td>O&#8217;HIGGINS<\/td>\n<td>Francisca De La Riva Dutzan<\/td>\n<td>francisca.delariva@patrimoniocultural.gob.cl<\/td>\n<\/tr>\n<tr>\n<td>MAULE<\/td>\n<td>Alejandra Esterio Astudillo<\/td>\n<td>alejandra.esterio@patrimoniocultural.gob.cl<\/td>\n<\/tr>\n<tr>\n<td>\u00d1UBLE<\/td>\n<td>Diego Ubilla S\u00e1ez<\/td>\n<td>diego.ubilla@patrimoniocultural.gob.cl<\/td>\n<\/tr>\n<tr>\n<td>DEL BIOB\u00cdO<\/td>\n<td>Hilda Basoalto Mosquera<\/td>\n<td>hilda.basoalto@patrimoniocultural.gob.cl<\/td>\n<\/tr>\n<tr>\n<td>ARAUCAN\u00cdA<\/td>\n<td>Jesica Moraga Moz\u00f3<\/td>\n<td>jesica.moraga@patrimoniocultural.gob.cl<\/td>\n<\/tr>\n<tr>\n<td>LOS R\u00cdOS<\/td>\n<td>Gonzalo Aravena Hermosilla<\/td>\n<td>gonzalo.aravena@museoschile.gob.cl<\/td>\n<\/tr>\n<tr>\n<td>LOS LAGOS<\/td>\n<td>Patricia Jim\u00e9nez Gallardo<\/td>\n<td>pjimenezg@patrimoniocultural.gob.cl<\/td>\n<\/tr>\n<tr>\n<td>AYS\u00c9N<\/td>\n<td>Mar\u00eda Luisa G\u00f3mez Lira<\/td>\n<td>mgomez@monumentos.gob.cl<\/td>\n<\/tr>\n<tr>\n<td>MAGALLANES<\/td>\n<td>Rodrigo L\u00f3pez Lobos<\/td>\n<td>rodrigo.lopez@patrimoniocultural.gob.cl<\/td>\n<\/tr>\n<\/tbody>\n<\/table>\n[\/et_pb_text][et_pb_text admin_label=\u00bbConclusi\u00f3n\u00bb _builder_version=\u00bb4.17.4&#8243; _module_preset=\u00bbdefault\u00bb global_colors_info=\u00bb{}\u00bb]\n<p>&nbsp;<\/p>\n<p style=\"text-align: center;\"><strong>Te invitamos a celebrar la diversidad cultural del pa\u00eds, considerando sus distintos patrimonios, herencias, conceptos, memorias, identidades y territorios, adem\u00e1s de conocer las diferentes maneras en que puedes contribuir y promover la participaci\u00f3n desde una perspectiva m\u00e1s inclusiva y representativa de su diversidad.<\/strong><\/p>\n<p>&nbsp;<\/p>\n<p>&nbsp;<\/p>\n<h3>Art\u00edculos Recomendados:<\/h3>\n<ul>\n<li><a href=\"https:\/\/vitaplay.cl\/que-es-inclusion-social\/\" target=\"_blank\" rel=\"noopener\">\u00bfQu\u00e9 es Inclusi\u00f3n Social?<\/a><\/li>\n<li><a href=\"https:\/\/vitaplay.cl\/estimula-la-motricidad-fina-de-tus-hijos\/\" target=\"_blank\" rel=\"noopener\">Estimula la Motricidad Fina de tus Hijos<\/a><\/li>\n<li><a href=\"https:\/\/vitaplay.cl\/ensena-a-tus-ninos-a-ser-tolerantes-con-estas-10-actividades\/\" target=\"_blank\" rel=\"noopener\">Ense\u00f1a a tus ni\u00f1os a ser tolerantes con estas 10 actividades<\/a><\/li>\n<\/ul>\n[\/et_pb_text][\/et_pb_column][\/et_pb_row][\/et_pb_section][et_pb_section fb_built=\u00bb1&#8243; _builder_version=\u00bb4.16&#8243; _module_preset=\u00bbdefault\u00bb global_colors_info=\u00bb{}\u00bb][et_pb_row _builder_version=\u00bb4.16&#8243; _module_preset=\u00bbdefault\u00bb global_colors_info=\u00bb{}\u00bb][et_pb_column type=\u00bb4_4&#8243; _builder_version=\u00bb4.16&#8243; _module_preset=\u00bbdefault\u00bb global_colors_info=\u00bb{}\u00bb][et_pb_text admin_label=\u00bbPi\u00e9 de P\u00e1gina\u00bb _builder_version=\u00bb4.17.4&#8243; _module_preset=\u00bbdefault\u00bb locked=\u00bboff\u00bb global_colors_info=\u00bb{}\u00bb]\n<p>&nbsp;<\/p>\n<h2>\u00a0<\/h2>\n<h2><img loading=\"lazy\" decoding=\"async\" class=\"wp-image-1986 size-medium aligncenter\" src=\"https:\/\/vitaplay.cl\/wp-content\/uploads\/2020\/11\/Jani-2-300x233.jpg\" alt=\"Jani 2\" width=\"300\" height=\"233\" \/><\/h2>\n<h2 style=\"text-align: center;\"><a href=\"https:\/\/www.linkedin.com\/in\/alesoprano\/\" target=\"_blank\" rel=\"noopener noreferrer\">Alejandra Jim\u00e9nez<\/a><\/h2>\n<p style=\"text-align: center;\"><strong>Teor\u00edas de Aprendizaje de la Lengua Inglesa<\/strong><\/p>\n[\/et_pb_text][\/et_pb_column][\/et_pb_row][\/et_pb_section]\n","protected":false},"excerpt":{"rendered":"<p>Los d\u00edas\u00a028 y 29 de mayo de 2022 se celebrar\u00e1 el D\u00eda de los Patrimonios, con el fin de dar cabida a distintas manifestaciones y otorgar oportunidades para visitar los bienes patrimoniales que se encuentran en Chile.<\/p>\n","protected":false},"author":2,"featured_media":4228,"comment_status":"closed","ping_status":"closed","sticky":false,"template":"","format":"standard","meta":{"_et_pb_use_builder":"on","_et_pb_old_content":"","_et_gb_content_width":"","footnotes":""},"categories":[16],"tags":[259,258,260,262,130,261,257,263,264],"class_list":["post-4223","post","type-post","status-publish","format-standard","has-post-thumbnail","hentry","category-blog","tag-arturo-prat-chacon","tag-chile","tag-combate-naval-de-iquique","tag-covadonga","tag-efemerides","tag-esmeralda","tag-glorias-navales","tag-huascar","tag-independencia"],"yoast_head":"<!-- This site is optimized with the Yoast SEO plugin v26.6 - https:\/\/yoast.com\/wordpress\/plugins\/seo\/ -->\n<title>D\u00eda de los Patrimonios de Chile - Corporaci\u00f3n Vitaplay<\/title>\n<meta name=\"description\" content=\"Los d\u00edas\u00a028 y 29 de mayo de 2022 se celebrar\u00e1 el D\u00eda de los Patrimonios, con el fin de dar cabida a distintas manifestaciones y otorgar oportunidades para visitar los bienes patrimoniales que se encuentran en Chile.\" \/>\n<meta name=\"robots\" content=\"index, follow, max-snippet:-1, max-image-preview:large, max-video-preview:-1\" \/>\n<link rel=\"canonical\" href=\"https:\/\/vitaplay.cl\/?p=4223\" \/>\n<meta property=\"og:locale\" content=\"es_ES\" \/>\n<meta property=\"og:type\" content=\"article\" \/>\n<meta property=\"og:title\" content=\"D\u00eda de los Patrimonios de Chile - Corporaci\u00f3n Vitaplay\" \/>\n<meta property=\"og:description\" content=\"Los d\u00edas\u00a028 y 29 de mayo de 2022 se celebrar\u00e1 el D\u00eda de los Patrimonios, con el fin de dar cabida a distintas manifestaciones y otorgar oportunidades para visitar los bienes patrimoniales que se encuentran en Chile.\" \/>\n<meta property=\"og:url\" content=\"https:\/\/vitaplay.cl\/?p=4223\" \/>\n<meta property=\"og:site_name\" content=\"Corporaci\u00f3n Vitaplay\" \/>\n<meta property=\"article:published_time\" content=\"2022-05-25T03:38:34+00:00\" \/>\n<meta property=\"article:modified_time\" content=\"2022-06-22T02:33:08+00:00\" \/>\n<meta property=\"og:image\" content=\"https:\/\/vitaplay.cl\/wp-content\/uploads\/2022\/06\/Patrimonio_Cultural-scaled.jpg\" \/>\n\t<meta property=\"og:image:width\" content=\"2560\" \/>\n\t<meta property=\"og:image:height\" content=\"1707\" \/>\n\t<meta property=\"og:image:type\" content=\"image\/jpeg\" \/>\n<meta name=\"twitter:card\" content=\"summary_large_image\" \/>\n<meta name=\"twitter:label1\" content=\"Escrito por\" \/>\n\t<meta name=\"twitter:data1\" content=\"\" \/>\n\t<meta name=\"twitter:label2\" content=\"Tiempo de lectura\" \/>\n\t<meta name=\"twitter:data2\" content=\"10 minutos\" \/>\n<script type=\"application\/ld+json\" class=\"yoast-schema-graph\">{\"@context\":\"https:\/\/schema.org\",\"@graph\":[{\"@type\":\"WebPage\",\"@id\":\"https:\/\/vitaplay.cl\/?p=4223\",\"url\":\"https:\/\/vitaplay.cl\/?p=4223\",\"name\":\"D\u00eda de los Patrimonios de Chile - Corporaci\u00f3n Vitaplay\",\"isPartOf\":{\"@id\":\"https:\/\/vitaplay.cl\/#website\"},\"primaryImageOfPage\":{\"@id\":\"https:\/\/vitaplay.cl\/?p=4223#primaryimage\"},\"image\":{\"@id\":\"https:\/\/vitaplay.cl\/?p=4223#primaryimage\"},\"thumbnailUrl\":\"https:\/\/vitaplay.cl\/wp-content\/uploads\/2022\/06\/Patrimonio_Cultural-scaled.jpg\",\"datePublished\":\"2022-05-25T03:38:34+00:00\",\"dateModified\":\"2022-06-22T02:33:08+00:00\",\"author\":{\"@id\":\"\"},\"description\":\"Los d\u00edas\u00a028 y 29 de mayo de 2022 se celebrar\u00e1 el D\u00eda de los Patrimonios, con el fin de dar cabida a distintas manifestaciones y otorgar oportunidades para visitar los bienes patrimoniales que se encuentran en Chile.\",\"breadcrumb\":{\"@id\":\"https:\/\/vitaplay.cl\/?p=4223#breadcrumb\"},\"inLanguage\":\"es\",\"potentialAction\":[{\"@type\":\"ReadAction\",\"target\":[\"https:\/\/vitaplay.cl\/?p=4223\"]}]},{\"@type\":\"ImageObject\",\"inLanguage\":\"es\",\"@id\":\"https:\/\/vitaplay.cl\/?p=4223#primaryimage\",\"url\":\"https:\/\/vitaplay.cl\/wp-content\/uploads\/2022\/06\/Patrimonio_Cultural-scaled.jpg\",\"contentUrl\":\"https:\/\/vitaplay.cl\/wp-content\/uploads\/2022\/06\/Patrimonio_Cultural-scaled.jpg\",\"width\":2560,\"height\":1707,\"caption\":\"Patrimonio Cultural\"},{\"@type\":\"BreadcrumbList\",\"@id\":\"https:\/\/vitaplay.cl\/?p=4223#breadcrumb\",\"itemListElement\":[{\"@type\":\"ListItem\",\"position\":1,\"name\":\"Portada\",\"item\":\"https:\/\/vitaplay.cl\/\"},{\"@type\":\"ListItem\",\"position\":2,\"name\":\"D\u00eda de los Patrimonios de Chile\"}]},{\"@type\":\"WebSite\",\"@id\":\"https:\/\/vitaplay.cl\/#website\",\"url\":\"https:\/\/vitaplay.cl\/\",\"name\":\"Corporaci\u00f3n Vitaplay\",\"description\":\"Un mundo de aventuras\",\"potentialAction\":[{\"@type\":\"SearchAction\",\"target\":{\"@type\":\"EntryPoint\",\"urlTemplate\":\"https:\/\/vitaplay.cl\/?s={search_term_string}\"},\"query-input\":{\"@type\":\"PropertyValueSpecification\",\"valueRequired\":true,\"valueName\":\"search_term_string\"}}],\"inLanguage\":\"es\"},{\"@type\":\"Person\",\"@id\":\"\",\"url\":\"https:\/\/vitaplay.cl\/?author=2\"}]}<\/script>\n<!-- \/ Yoast SEO plugin. -->","yoast_head_json":{"title":"D\u00eda de los Patrimonios de Chile - Corporaci\u00f3n Vitaplay","description":"Los d\u00edas\u00a028 y 29 de mayo de 2022 se celebrar\u00e1 el D\u00eda de los Patrimonios, con el fin de dar cabida a distintas manifestaciones y otorgar oportunidades para visitar los bienes patrimoniales que se encuentran en Chile.","robots":{"index":"index","follow":"follow","max-snippet":"max-snippet:-1","max-image-preview":"max-image-preview:large","max-video-preview":"max-video-preview:-1"},"canonical":"https:\/\/vitaplay.cl\/?p=4223","og_locale":"es_ES","og_type":"article","og_title":"D\u00eda de los Patrimonios de Chile - Corporaci\u00f3n Vitaplay","og_description":"Los d\u00edas\u00a028 y 29 de mayo de 2022 se celebrar\u00e1 el D\u00eda de los Patrimonios, con el fin de dar cabida a distintas manifestaciones y otorgar oportunidades para visitar los bienes patrimoniales que se encuentran en Chile.","og_url":"https:\/\/vitaplay.cl\/?p=4223","og_site_name":"Corporaci\u00f3n Vitaplay","article_published_time":"2022-05-25T03:38:34+00:00","article_modified_time":"2022-06-22T02:33:08+00:00","og_image":[{"width":2560,"height":1707,"url":"https:\/\/vitaplay.cl\/wp-content\/uploads\/2022\/06\/Patrimonio_Cultural-scaled.jpg","type":"image\/jpeg"}],"twitter_card":"summary_large_image","twitter_misc":{"Escrito por":"","Tiempo de lectura":"10 minutos"},"schema":{"@context":"https:\/\/schema.org","@graph":[{"@type":"WebPage","@id":"https:\/\/vitaplay.cl\/?p=4223","url":"https:\/\/vitaplay.cl\/?p=4223","name":"D\u00eda de los Patrimonios de Chile - Corporaci\u00f3n Vitaplay","isPartOf":{"@id":"https:\/\/vitaplay.cl\/#website"},"primaryImageOfPage":{"@id":"https:\/\/vitaplay.cl\/?p=4223#primaryimage"},"image":{"@id":"https:\/\/vitaplay.cl\/?p=4223#primaryimage"},"thumbnailUrl":"https:\/\/vitaplay.cl\/wp-content\/uploads\/2022\/06\/Patrimonio_Cultural-scaled.jpg","datePublished":"2022-05-25T03:38:34+00:00","dateModified":"2022-06-22T02:33:08+00:00","author":{"@id":""},"description":"Los d\u00edas\u00a028 y 29 de mayo de 2022 se celebrar\u00e1 el D\u00eda de los Patrimonios, con el fin de dar cabida a distintas manifestaciones y otorgar oportunidades para visitar los bienes patrimoniales que se encuentran en Chile.","breadcrumb":{"@id":"https:\/\/vitaplay.cl\/?p=4223#breadcrumb"},"inLanguage":"es","potentialAction":[{"@type":"ReadAction","target":["https:\/\/vitaplay.cl\/?p=4223"]}]},{"@type":"ImageObject","inLanguage":"es","@id":"https:\/\/vitaplay.cl\/?p=4223#primaryimage","url":"https:\/\/vitaplay.cl\/wp-content\/uploads\/2022\/06\/Patrimonio_Cultural-scaled.jpg","contentUrl":"https:\/\/vitaplay.cl\/wp-content\/uploads\/2022\/06\/Patrimonio_Cultural-scaled.jpg","width":2560,"height":1707,"caption":"Patrimonio Cultural"},{"@type":"BreadcrumbList","@id":"https:\/\/vitaplay.cl\/?p=4223#breadcrumb","itemListElement":[{"@type":"ListItem","position":1,"name":"Portada","item":"https:\/\/vitaplay.cl\/"},{"@type":"ListItem","position":2,"name":"D\u00eda de los Patrimonios de Chile"}]},{"@type":"WebSite","@id":"https:\/\/vitaplay.cl\/#website","url":"https:\/\/vitaplay.cl\/","name":"Corporaci\u00f3n Vitaplay","description":"Un mundo de aventuras","potentialAction":[{"@type":"SearchAction","target":{"@type":"EntryPoint","urlTemplate":"https:\/\/vitaplay.cl\/?s={search_term_string}"},"query-input":{"@type":"PropertyValueSpecification","valueRequired":true,"valueName":"search_term_string"}}],"inLanguage":"es"},{"@type":"Person","@id":"","url":"https:\/\/vitaplay.cl\/?author=2"}]}},"_links":{"self":[{"href":"https:\/\/vitaplay.cl\/index.php?rest_route=\/wp\/v2\/posts\/4223","targetHints":{"allow":["GET"]}}],"collection":[{"href":"https:\/\/vitaplay.cl\/index.php?rest_route=\/wp\/v2\/posts"}],"about":[{"href":"https:\/\/vitaplay.cl\/index.php?rest_route=\/wp\/v2\/types\/post"}],"author":[{"embeddable":true,"href":"https:\/\/vitaplay.cl\/index.php?rest_route=\/wp\/v2\/users\/2"}],"replies":[{"embeddable":true,"href":"https:\/\/vitaplay.cl\/index.php?rest_route=%2Fwp%2Fv2%2Fcomments&post=4223"}],"version-history":[{"count":7,"href":"https:\/\/vitaplay.cl\/index.php?rest_route=\/wp\/v2\/posts\/4223\/revisions"}],"predecessor-version":[{"id":4234,"href":"https:\/\/vitaplay.cl\/index.php?rest_route=\/wp\/v2\/posts\/4223\/revisions\/4234"}],"wp:featuredmedia":[{"embeddable":true,"href":"https:\/\/vitaplay.cl\/index.php?rest_route=\/wp\/v2\/media\/4228"}],"wp:attachment":[{"href":"https:\/\/vitaplay.cl\/index.php?rest_route=%2Fwp%2Fv2%2Fmedia&parent=4223"}],"wp:term":[{"taxonomy":"category","embeddable":true,"href":"https:\/\/vitaplay.cl\/index.php?rest_route=%2Fwp%2Fv2%2Fcategories&post=4223"},{"taxonomy":"post_tag","embeddable":true,"href":"https:\/\/vitaplay.cl\/index.php?rest_route=%2Fwp%2Fv2%2Ftags&post=4223"}],"curies":[{"name":"wp","href":"https:\/\/api.w.org\/{rel}","templated":true}]}}