{"id":4188,"date":"2022-05-18T02:12:38","date_gmt":"2022-05-18T02:12:38","guid":{"rendered":"https:\/\/vitaplay.cl\/?p=4188"},"modified":"2022-06-17T03:06:20","modified_gmt":"2022-06-17T03:06:20","slug":"glorias-navales-de-chile","status":"publish","type":"post","link":"https:\/\/vitaplay.cl\/?p=4188","title":{"rendered":"Glorias Navales de Chile"},"content":{"rendered":"[et_pb_section fb_built=\u00bb1&#8243; _builder_version=\u00bb4.16&#8243; _module_preset=\u00bbdefault\u00bb global_colors_info=\u00bb{}\u00bb][et_pb_row _builder_version=\u00bb4.16&#8243; _module_preset=\u00bbdefault\u00bb global_colors_info=\u00bb{}\u00bb][et_pb_column type=\u00bb4_4&#8243; _builder_version=\u00bb4.16&#8243; _module_preset=\u00bbdefault\u00bb global_colors_info=\u00bb{}\u00bb][et_pb_text content_tablet=\u00bb\u00bb content_phone=\u00bb\u00bb content_last_edited=\u00bbon|desktop\u00bb admin_label=\u00bbIntroducci\u00f3n\u00bb _builder_version=\u00bb4.17.4&#8243; _module_preset=\u00bbdefault\u00bb hover_enabled=\u00bb0&#8243; global_colors_info=\u00bb{}\u00bb sticky_enabled=\u00bb0&#8243;]\n<div dir=\"ltr\">\u00a0<\/div>\n<p>El D\u00eda de las Glorias Navales de Chile es una festividad que se celebra cada 21 de mayo, con el fin de conmemorar el aniversario de dos combates navales: El de\u00a0Iquique, donde la fragata chilena Esmeralda, al mando del capit\u00e1n Arturo Prat Chac\u00f3n, fue hundida por el monitor peruano Hu\u00e1scar, comandado por el capit\u00e1n Miguel Grau; y el\u00a0de Punta Gruesa, en el cual la goleta chilena Covadonga, al mando de Carlos Condell, hizo encallar en los roquer\u00edos a la fragata blindada peruana Independencia, comandada por Juan Guillermo Moore.<\/p>\n<p>En el Combate Naval de Iquique, el capit\u00e1n Arturo Prat entreg\u00f3 su vida, junto a toda la plana mayor de la fragata, dando testimonio de que los chilenos jam\u00e1s se rendir\u00edan ante el enemigo, pese a su condici\u00f3n de inferioridad.<\/p>\n<p>En conmemoraci\u00f3n, cada 21 de mayo en Chile se celebra con desfiles militares y ofrendas florales en cada ciudad del pa\u00eds, siendo las principales ceremonias aqu\u00e9llas celebradas en los puertos de Valpara\u00edso,\u00a0Talcahuano\u00a0e\u00a0Iquique.\u200b<\/p>\n<p>La ley 2977 de 1915, fij\u00f3 el 21 de mayo como \u00abcelebraci\u00f3n de todas las glorias de la Armada de la Rep\u00fablica\u00bb, siendo d\u00eda feriado en Chile.<\/p>\n<p><img loading=\"lazy\" decoding=\"async\" class=\"wp-image-4191  aligncenter\" src=\"https:\/\/vitaplay.cl\/wp-content\/uploads\/2022\/05\/combate-naval-iquique-300x207.jpeg\" alt=\"combate naval iquique\" width=\"522\" height=\"360\" srcset=\"https:\/\/vitaplay.cl\/wp-content\/uploads\/2022\/05\/combate-naval-iquique-300x207.jpeg 522w, https:\/\/vitaplay.cl\/wp-content\/uploads\/2022\/05\/combate-naval-iquique-480x331.jpeg 480w\" sizes=\"(min-width: 0px) and (max-width: 480px) 480px, (min-width: 481px) 522px, 100vw\" \/><\/p>\n<p style=\"text-align: center;\"><em style=\"text-align: center;\">Fotograf\u00eda<\/em><span style=\"text-align: center;\">:\u00a0 <\/span><a href=\"http:\/\/el-andyjack.deviantart.com\/art\/Al-abordaje-muchachos-164433245\">el-andyjack.deviantart.com<\/a><\/p>\n<p>&nbsp;<\/p>\n[\/et_pb_text][\/et_pb_column][\/et_pb_row][et_pb_row admin_label=\u00bbFila\u00bb _builder_version=\u00bb4.16&#8243; _module_preset=\u00bbdefault\u00bb global_colors_info=\u00bb{}\u00bb][et_pb_column type=\u00bb4_4&#8243; _builder_version=\u00bb4.16&#8243; _module_preset=\u00bbdefault\u00bb global_colors_info=\u00bb{}\u00bb][et_pb_text admin_label=\u00bbTexto1&#8243; _builder_version=\u00bb4.17.4&#8243; _module_preset=\u00bbdefault\u00bb hover_enabled=\u00bb0&#8243; global_colors_info=\u00bb{}\u00bb sticky_enabled=\u00bb0&#8243;]\n<p>&nbsp;<\/p>\n<h3>Historia<\/h3>\n<p>Luego del combate, durante los primeros a\u00f1os se celebr\u00f3 la principal ceremonia en Iquique. A ella asist\u00eda la Escuadra Nacional completa y todas las altas autoridades encabezadas por el Primer Mandatario. En 1888, la ceremonia principal se realiz\u00f3 de manera excepcional en Valpara\u00edso, con motivo de la inhumaci\u00f3n de los restos del capit\u00e1n Arturo Prat y los h\u00e9roes en la cripta de Plaza Sotomayor, que fueron tra\u00eddos desde Iquique a petici\u00f3n de sus familias. La ceremonia de Iquique continu\u00f3 siendo la principal hasta 1897.<\/p>\n<p>El 21 de mayo de 2000, fue la \u00faltima vez en que el presidente de la Rep\u00fablica y las altas autoridades asistieron a esta ceremonia, siendo encabezada de modo excepcional por el presidente Ricardo Lagos Escobar. M\u00e1s tarde, el a\u00f1o 2019, con motivo de los 140 a\u00f1os del combate, el presidente Sebasti\u00e1n Pi\u00f1era retom\u00f3 esta tradici\u00f3n, encabezando las ceremonia en en la ciudad de Iquique.<\/p>\n<p>En 1979, se celebr\u00f3 en Iquique la conmemoraci\u00f3n del centenario del Combate Naval, a cuya ceremonia asistieron los cuatro miembros de la Junta Militar: Presidente de la Rep\u00fablica y Comandante en Jefe del Ej\u00e9rcito, general Augusto Pinochet; el Comandante en Jefe de la Armada, almirante\u00a0Jos\u00e9 Toribio Merino; el Comandante en Jefe de la Fuerza A\u00e9rea, general\u00a0Fernando Matthei; y el Director General de Carabineros, General\u00a0C\u00e9sar Mendoza. En dicha ocasi\u00f3n, se inaugur\u00f3 el Monumento al Marinero Desconocido, en un mirador ubicado a la altura de la Boya Esmeralda, seguido de un masivo desfile c\u00edvico militar en la Plaza 21 de Mayo y, adicionalmente se inaugur\u00f3 una antorcha que fue encendida con una llama tra\u00edda desde la Plaza Sotomayor de Valpara\u00edso, en un farol a bordo de la \u00abDama Blanca\u00bb.<\/p>\n<p>Al finalizar el desfile, se realiz\u00f3 el tradicional responso en recuerdo a los h\u00e9roes del Combate Naval en la Iglesia Catedral.<\/p>\n<p>&nbsp;<\/p>\n<h3><span id=\"Ceremonia_oficial_en_Valpara\u00edso\" class=\"mw-headline\">Ceremonia en Valpara\u00edso<\/span><\/h3>\n<div class=\"thumb tright\">La ceremonia oficial se realiza en la Plaza Sotomayor de Valpara\u00edso, donde se encuentra el Monumento a los H\u00e9roes de Iquique, bajo el cual est\u00e1 la cripta en la que descansan los restos mortales del capit\u00e1n Arturo Prat y de 21 marinos de la Esmeralda y la Covadonga que pelearon en los dos combates.<\/div>\n<div>\n<p>La ceremonia se inicia con una Santa Misa de campa\u00f1a (votiva de Nuestra Se\u00f1ora del Carmen), presidida por el Obispo Castrense de Chile y concelebrada por los capellanes del Servicio Religioso de la Armada. A continuaci\u00f3n, el Presidente de la Rep\u00fablica, acompa\u00f1ado por el Ministro de Defensa Nacional y el Comandante en Jefe de la Armada, revista a las fuerzas de presentaci\u00f3n, mientras se entona el himno nacional y se iza la bandera presidencial de Chile en el m\u00e1stil de la plaza.<\/p>\n<p>Despu\u00e9s de un pre\u00e1mbulo de completo silencio, cuando el reloj marca las 12:10 en punto, se procede a los Honores de pito, corneta y la tradicional campana de la corbeta Esmeralda, junto con veinti\u00fan ca\u00f1onazos de la bater\u00eda de artiller\u00eda del puerto.<\/p>\n<p>El Comandante en Jefe de la Armada hace una rese\u00f1a hist\u00f3rica del Combate Naval de Iquique y de la vida del capit\u00e1n Prat, seguido de las ofrendas florales.<\/p>\n<p>Finalmente, el Presidente de la Rep\u00fablica baja a la cripta del capit\u00e1n Arturo Prat y sus H\u00e9roes y coloca una rosa roja a los pies de la tumba de Prat, mientras que las fuerzas de presentaci\u00f3n toman posici\u00f3n para iniciar el desfile de honor.<\/p>\n<\/div>\n<p>Terminada la visita del Presidente de la Rep\u00fablica a la cripta, el jefe de las fuerzas de presentaci\u00f3n solicita al Presidente de la Rep\u00fablica la autorizaci\u00f3n para dar inicio al desfile de honor. El desfile concluye con el anuncio del jefe de las fuerzas de presentaci\u00f3n al Presidente de la Rep\u00fablica, que el desfile ha terminado y solicita autorizaci\u00f3n para retirar las tropas.<span id=\"Homenaje_folcl.C3.B3rico\"><\/span><\/p>\n<p>Finalizado el desfile militar, comienza el homenaje folcl\u00f3rico a los H\u00e9roes de Iquique, a cargo de los clubes de huasos y de cueca de la Regi\u00f3n de Valpara\u00edso. quienes ofrecen un brindis de chicha en cacho al Presidente de la Rep\u00fablica y autoridades presentes. Los clubes de cueca realizan tres pies de cueca, seg\u00fan la tradici\u00f3n. El homenaje se cierra con el desfile de los clubes de huasos y de rodeo a caballo, desfilando en cuadrantes y agitando pa\u00f1uelos blancos para saludar a las autoridades en la tribuna de honor.<\/p>\n<p>&nbsp;<\/p>\n<h3>Ceremonia en Iquique<\/h3>\n<p>En Iquique, se realizan varios actos oficiales, comenzando el d\u00eda 20 en la noche con un Te Deum en la Catedral de Iquique. A continuaci\u00f3n, comienza una peregrinaci\u00f3n de antorchas encabezada por el Cuerpo de Bomberos, hacia el cementerio de la ciudad, donde se rinden honores y se depositan ofrendas florales ante la cripta donde descansan los restos de algunos de los h\u00e9roes de Iquique y Punta Gruesa.<\/p>\n<p>El d\u00eda 21 en la ma\u00f1ana, el acto solemne es celebrado en la Plaza Capit\u00e1n Prat, a la que asisten autoridades regionales, de la Armada Nacional, del parlamento y otros invitados. Se desarrolla de manera semejante a la ceremonia de Valpara\u00edso y se concluye con un desfile de honor por parte de destacamentos de la IV Zona Naval, del Ej\u00e9rcito, Aviaci\u00f3n y Carabineros.<\/p>\n<p>Momentos antes del mediod\u00eda, las autoridades inician una peregrinaci\u00f3n n\u00e1utica hacia la boya que marca el punto exacto del hundimiento de la corbeta Esmeralda. Una multitud de personas acompa\u00f1an desde distintas lanchas adornadas con banderas. A las 12:10 en punto, en sincronizaci\u00f3n con Valpara\u00edso, Santiago y Talcahuano, se realiza el homenaje al hundimiento de la Esmeralda, con honores de pito, corneta y veinti\u00fan ca\u00f1onazos. El homenaje concluye con el lanzamiento de ofrendas florales al mar.<\/p>\n<h3>\u00a0<\/h3>\n<h3><span id=\"Talcahuano\" class=\"mw-headline\">Ceremonia en Talcahuano<\/span><\/h3>\n<p>En la ma\u00f1ana del 21 de mayo, se efect\u00faa el acto solemne con alocuci\u00f3n patri\u00f3tica en la Plaza de Arturo Prat, frente a la comandancia zonal de la Armada, seguida de un desfile de honor. Poco antes de mediod\u00eda, las autoridades se dirigen a la cubierta del Monitor \u00abHu\u00e1scar\u00bb, y a las 12:10 se hace ta\u00f1er la campana del acorazado y se rinden honores de pito, corneta y salvas de honor. Finalmente, se depositan ofrendas florales en el punto exacto donde cay\u00f3 acribillado el Capit\u00e1n Arturo Prat.<\/p>\n<p>&nbsp;<\/p>\n<h3>Ceremonia en Santiago<\/h3>\n<p>En Santiago, la ceremonia se efect\u00faa en el Monumento a Prat ubicado en el barrio Mapocho, cuyo desfile es acompa\u00f1ado por una banda de guerra e instrumental del Ej\u00e9rcito de Chile.<\/p>\n<p>&nbsp;<\/p>\n[\/et_pb_text][et_pb_text admin_label=\u00bbConclusi\u00f3n\u00bb _builder_version=\u00bb4.17.4&#8243; _module_preset=\u00bbdefault\u00bb hover_enabled=\u00bb0&#8243; global_colors_info=\u00bb{}\u00bb sticky_enabled=\u00bb0&#8243;]\n<h4 class=\"the-single__title\" style=\"text-align: center;\">\u00a0<\/h4>\n<p>&nbsp;<\/p>\n<p>&nbsp;<\/p>\n<h3>Art\u00edculos Recomendados:<\/h3>\n<ul>\n<li><a href=\"https:\/\/vitaplay.cl\/dia-de-los-derechos-del-nino-20-de-noviembre\/\" rel=\"noopener\">D\u00eda de los Derechos del Ni\u00f1o \u2013 20 de Noviembre<\/a><\/li>\n<li><a href=\"https:\/\/vitaplay.cl\/dia-mundial-del-agua-22-de-marzo\/\" rel=\"noopener\">D\u00eda Mundial del Agua \u2013 22 de marzo<\/a><\/li>\n<li><a href=\"https:\/\/vitaplay.cl\/winol-tripantu-ano-nuevo-mapuche\/\" rel=\"noopener\">Wi\u00f1ol Tripantu: A\u00f1o Nuevo Mapuche<\/a><\/li>\n<\/ul>\n[\/et_pb_text][\/et_pb_column][\/et_pb_row][\/et_pb_section][et_pb_section fb_built=\u00bb1&#8243; _builder_version=\u00bb4.16&#8243; _module_preset=\u00bbdefault\u00bb global_colors_info=\u00bb{}\u00bb][et_pb_row _builder_version=\u00bb4.16&#8243; _module_preset=\u00bbdefault\u00bb global_colors_info=\u00bb{}\u00bb][et_pb_column type=\u00bb4_4&#8243; _builder_version=\u00bb4.16&#8243; _module_preset=\u00bbdefault\u00bb global_colors_info=\u00bb{}\u00bb][et_pb_text admin_label=\u00bbPi\u00e9 de P\u00e1gina\u00bb _builder_version=\u00bb4.17.4&#8243; _module_preset=\u00bbdefault\u00bb hover_enabled=\u00bb0&#8243; locked=\u00bboff\u00bb global_colors_info=\u00bb{}\u00bb sticky_enabled=\u00bb0&#8243;]\n<p>&nbsp;<\/p>\n<h2>\u00a0<\/h2>\n<h2><img loading=\"lazy\" decoding=\"async\" class=\"wp-image-1986 size-medium aligncenter\" src=\"https:\/\/vitaplay.cl\/wp-content\/uploads\/2020\/11\/Jani-2-300x233.jpg\" alt=\"Jani 2\" width=\"300\" height=\"233\" \/><\/h2>\n<h2 style=\"text-align: center;\"><a href=\"https:\/\/www.linkedin.com\/in\/alesoprano\/\" target=\"_blank\" rel=\"noopener noreferrer\">Alejandra Jim\u00e9nez<\/a><\/h2>\n<p style=\"text-align: center;\"><strong>Teor\u00edas de Aprendizaje de la Lengua Inglesa<\/strong><\/p>\n[\/et_pb_text][\/et_pb_column][\/et_pb_row][\/et_pb_section]\n","protected":false},"excerpt":{"rendered":"<p>El D\u00eda de las Glorias Navales de Chile se celebra cada 21 de mayo, con el fin de conmemorar el aniversario de los combates navales de\u00a0Iquique y\u00a0de Punta Gruesa.<\/p>\n","protected":false},"author":2,"featured_media":4191,"comment_status":"closed","ping_status":"closed","sticky":false,"template":"","format":"standard","meta":{"_et_pb_use_builder":"on","_et_pb_old_content":"","_et_gb_content_width":"","footnotes":""},"categories":[16],"tags":[259,258,260,262,130,261,257,263,264],"class_list":["post-4188","post","type-post","status-publish","format-standard","has-post-thumbnail","hentry","category-blog","tag-arturo-prat-chacon","tag-chile","tag-combate-naval-de-iquique","tag-covadonga","tag-efemerides","tag-esmeralda","tag-glorias-navales","tag-huascar","tag-independencia"],"yoast_head":"<!-- This site is optimized with the Yoast SEO plugin v26.6 - https:\/\/yoast.com\/wordpress\/plugins\/seo\/ -->\n<title>Glorias Navales de Chile - Corporaci\u00f3n Vitaplay<\/title>\n<meta name=\"description\" content=\"El D\u00eda de las Glorias Navales de Chile se celebra cada 21 de mayo, con el fin de conmemorar el aniversario de los combates navales de\u00a0Iquique y\u00a0de Punta Gruesa.\" \/>\n<meta name=\"robots\" content=\"index, follow, max-snippet:-1, max-image-preview:large, max-video-preview:-1\" \/>\n<link rel=\"canonical\" href=\"https:\/\/vitaplay.cl\/?p=4188\" \/>\n<meta property=\"og:locale\" content=\"es_ES\" \/>\n<meta property=\"og:type\" content=\"article\" \/>\n<meta property=\"og:title\" content=\"Glorias Navales de Chile - Corporaci\u00f3n Vitaplay\" \/>\n<meta property=\"og:description\" content=\"El D\u00eda de las Glorias Navales de Chile se celebra cada 21 de mayo, con el fin de conmemorar el aniversario de los combates navales de\u00a0Iquique y\u00a0de Punta Gruesa.\" \/>\n<meta property=\"og:url\" content=\"https:\/\/vitaplay.cl\/?p=4188\" \/>\n<meta property=\"og:site_name\" content=\"Corporaci\u00f3n Vitaplay\" \/>\n<meta property=\"article:published_time\" content=\"2022-05-18T02:12:38+00:00\" \/>\n<meta property=\"article:modified_time\" content=\"2022-06-17T03:06:20+00:00\" \/>\n<meta property=\"og:image\" content=\"https:\/\/vitaplay.cl\/wp-content\/uploads\/2022\/05\/combate-naval-iquique.jpeg\" \/>\n\t<meta property=\"og:image:width\" content=\"736\" \/>\n\t<meta property=\"og:image:height\" content=\"507\" \/>\n\t<meta property=\"og:image:type\" content=\"image\/jpeg\" \/>\n<meta name=\"twitter:card\" content=\"summary_large_image\" \/>\n<meta name=\"twitter:label1\" content=\"Escrito por\" \/>\n\t<meta name=\"twitter:data1\" content=\"\" \/>\n\t<meta name=\"twitter:label2\" content=\"Tiempo de lectura\" \/>\n\t<meta name=\"twitter:data2\" content=\"10 minutos\" \/>\n<script type=\"application\/ld+json\" class=\"yoast-schema-graph\">{\"@context\":\"https:\/\/schema.org\",\"@graph\":[{\"@type\":\"WebPage\",\"@id\":\"https:\/\/vitaplay.cl\/?p=4188\",\"url\":\"https:\/\/vitaplay.cl\/?p=4188\",\"name\":\"Glorias Navales de Chile - Corporaci\u00f3n Vitaplay\",\"isPartOf\":{\"@id\":\"https:\/\/vitaplay.cl\/#website\"},\"primaryImageOfPage\":{\"@id\":\"https:\/\/vitaplay.cl\/?p=4188#primaryimage\"},\"image\":{\"@id\":\"https:\/\/vitaplay.cl\/?p=4188#primaryimage\"},\"thumbnailUrl\":\"https:\/\/vitaplay.cl\/wp-content\/uploads\/2022\/05\/combate-naval-iquique.jpeg\",\"datePublished\":\"2022-05-18T02:12:38+00:00\",\"dateModified\":\"2022-06-17T03:06:20+00:00\",\"author\":{\"@id\":\"\"},\"description\":\"El D\u00eda de las Glorias Navales de Chile se celebra cada 21 de mayo, con el fin de conmemorar el aniversario de los combates navales de\u00a0Iquique y\u00a0de Punta Gruesa.\",\"breadcrumb\":{\"@id\":\"https:\/\/vitaplay.cl\/?p=4188#breadcrumb\"},\"inLanguage\":\"es\",\"potentialAction\":[{\"@type\":\"ReadAction\",\"target\":[\"https:\/\/vitaplay.cl\/?p=4188\"]}]},{\"@type\":\"ImageObject\",\"inLanguage\":\"es\",\"@id\":\"https:\/\/vitaplay.cl\/?p=4188#primaryimage\",\"url\":\"https:\/\/vitaplay.cl\/wp-content\/uploads\/2022\/05\/combate-naval-iquique.jpeg\",\"contentUrl\":\"https:\/\/vitaplay.cl\/wp-content\/uploads\/2022\/05\/combate-naval-iquique.jpeg\",\"width\":736,\"height\":507,\"caption\":\"combate naval iquique\"},{\"@type\":\"BreadcrumbList\",\"@id\":\"https:\/\/vitaplay.cl\/?p=4188#breadcrumb\",\"itemListElement\":[{\"@type\":\"ListItem\",\"position\":1,\"name\":\"Portada\",\"item\":\"https:\/\/vitaplay.cl\/\"},{\"@type\":\"ListItem\",\"position\":2,\"name\":\"Glorias Navales de Chile\"}]},{\"@type\":\"WebSite\",\"@id\":\"https:\/\/vitaplay.cl\/#website\",\"url\":\"https:\/\/vitaplay.cl\/\",\"name\":\"Corporaci\u00f3n Vitaplay\",\"description\":\"Un mundo de aventuras\",\"potentialAction\":[{\"@type\":\"SearchAction\",\"target\":{\"@type\":\"EntryPoint\",\"urlTemplate\":\"https:\/\/vitaplay.cl\/?s={search_term_string}\"},\"query-input\":{\"@type\":\"PropertyValueSpecification\",\"valueRequired\":true,\"valueName\":\"search_term_string\"}}],\"inLanguage\":\"es\"},{\"@type\":\"Person\",\"@id\":\"\",\"url\":\"https:\/\/vitaplay.cl\/?author=2\"}]}<\/script>\n<!-- \/ Yoast SEO plugin. -->","yoast_head_json":{"title":"Glorias Navales de Chile - Corporaci\u00f3n Vitaplay","description":"El D\u00eda de las Glorias Navales de Chile se celebra cada 21 de mayo, con el fin de conmemorar el aniversario de los combates navales de\u00a0Iquique y\u00a0de Punta Gruesa.","robots":{"index":"index","follow":"follow","max-snippet":"max-snippet:-1","max-image-preview":"max-image-preview:large","max-video-preview":"max-video-preview:-1"},"canonical":"https:\/\/vitaplay.cl\/?p=4188","og_locale":"es_ES","og_type":"article","og_title":"Glorias Navales de Chile - Corporaci\u00f3n Vitaplay","og_description":"El D\u00eda de las Glorias Navales de Chile se celebra cada 21 de mayo, con el fin de conmemorar el aniversario de los combates navales de\u00a0Iquique y\u00a0de Punta Gruesa.","og_url":"https:\/\/vitaplay.cl\/?p=4188","og_site_name":"Corporaci\u00f3n Vitaplay","article_published_time":"2022-05-18T02:12:38+00:00","article_modified_time":"2022-06-17T03:06:20+00:00","og_image":[{"width":736,"height":507,"url":"https:\/\/vitaplay.cl\/wp-content\/uploads\/2022\/05\/combate-naval-iquique.jpeg","type":"image\/jpeg"}],"twitter_card":"summary_large_image","twitter_misc":{"Escrito por":"","Tiempo de lectura":"10 minutos"},"schema":{"@context":"https:\/\/schema.org","@graph":[{"@type":"WebPage","@id":"https:\/\/vitaplay.cl\/?p=4188","url":"https:\/\/vitaplay.cl\/?p=4188","name":"Glorias Navales de Chile - Corporaci\u00f3n Vitaplay","isPartOf":{"@id":"https:\/\/vitaplay.cl\/#website"},"primaryImageOfPage":{"@id":"https:\/\/vitaplay.cl\/?p=4188#primaryimage"},"image":{"@id":"https:\/\/vitaplay.cl\/?p=4188#primaryimage"},"thumbnailUrl":"https:\/\/vitaplay.cl\/wp-content\/uploads\/2022\/05\/combate-naval-iquique.jpeg","datePublished":"2022-05-18T02:12:38+00:00","dateModified":"2022-06-17T03:06:20+00:00","author":{"@id":""},"description":"El D\u00eda de las Glorias Navales de Chile se celebra cada 21 de mayo, con el fin de conmemorar el aniversario de los combates navales de\u00a0Iquique y\u00a0de Punta Gruesa.","breadcrumb":{"@id":"https:\/\/vitaplay.cl\/?p=4188#breadcrumb"},"inLanguage":"es","potentialAction":[{"@type":"ReadAction","target":["https:\/\/vitaplay.cl\/?p=4188"]}]},{"@type":"ImageObject","inLanguage":"es","@id":"https:\/\/vitaplay.cl\/?p=4188#primaryimage","url":"https:\/\/vitaplay.cl\/wp-content\/uploads\/2022\/05\/combate-naval-iquique.jpeg","contentUrl":"https:\/\/vitaplay.cl\/wp-content\/uploads\/2022\/05\/combate-naval-iquique.jpeg","width":736,"height":507,"caption":"combate naval iquique"},{"@type":"BreadcrumbList","@id":"https:\/\/vitaplay.cl\/?p=4188#breadcrumb","itemListElement":[{"@type":"ListItem","position":1,"name":"Portada","item":"https:\/\/vitaplay.cl\/"},{"@type":"ListItem","position":2,"name":"Glorias Navales de Chile"}]},{"@type":"WebSite","@id":"https:\/\/vitaplay.cl\/#website","url":"https:\/\/vitaplay.cl\/","name":"Corporaci\u00f3n Vitaplay","description":"Un mundo de aventuras","potentialAction":[{"@type":"SearchAction","target":{"@type":"EntryPoint","urlTemplate":"https:\/\/vitaplay.cl\/?s={search_term_string}"},"query-input":{"@type":"PropertyValueSpecification","valueRequired":true,"valueName":"search_term_string"}}],"inLanguage":"es"},{"@type":"Person","@id":"","url":"https:\/\/vitaplay.cl\/?author=2"}]}},"_links":{"self":[{"href":"https:\/\/vitaplay.cl\/index.php?rest_route=\/wp\/v2\/posts\/4188","targetHints":{"allow":["GET"]}}],"collection":[{"href":"https:\/\/vitaplay.cl\/index.php?rest_route=\/wp\/v2\/posts"}],"about":[{"href":"https:\/\/vitaplay.cl\/index.php?rest_route=\/wp\/v2\/types\/post"}],"author":[{"embeddable":true,"href":"https:\/\/vitaplay.cl\/index.php?rest_route=\/wp\/v2\/users\/2"}],"replies":[{"embeddable":true,"href":"https:\/\/vitaplay.cl\/index.php?rest_route=%2Fwp%2Fv2%2Fcomments&post=4188"}],"version-history":[{"count":12,"href":"https:\/\/vitaplay.cl\/index.php?rest_route=\/wp\/v2\/posts\/4188\/revisions"}],"predecessor-version":[{"id":4216,"href":"https:\/\/vitaplay.cl\/index.php?rest_route=\/wp\/v2\/posts\/4188\/revisions\/4216"}],"wp:featuredmedia":[{"embeddable":true,"href":"https:\/\/vitaplay.cl\/index.php?rest_route=\/wp\/v2\/media\/4191"}],"wp:attachment":[{"href":"https:\/\/vitaplay.cl\/index.php?rest_route=%2Fwp%2Fv2%2Fmedia&parent=4188"}],"wp:term":[{"taxonomy":"category","embeddable":true,"href":"https:\/\/vitaplay.cl\/index.php?rest_route=%2Fwp%2Fv2%2Fcategories&post=4188"},{"taxonomy":"post_tag","embeddable":true,"href":"https:\/\/vitaplay.cl\/index.php?rest_route=%2Fwp%2Fv2%2Ftags&post=4188"}],"curies":[{"name":"wp","href":"https:\/\/api.w.org\/{rel}","templated":true}]}}