{"id":4170,"date":"2022-05-11T01:00:07","date_gmt":"2022-05-11T01:00:07","guid":{"rendered":"https:\/\/vitaplay.cl\/?p=4170"},"modified":"2022-05-24T01:40:23","modified_gmt":"2022-05-24T01:40:23","slug":"dia-internacional-de-las-familias","status":"publish","type":"post","link":"https:\/\/vitaplay.cl\/?p=4170","title":{"rendered":"D\u00eda Internacional de las Familias"},"content":{"rendered":"[et_pb_section fb_built=\u00bb1&#8243; _builder_version=\u00bb4.16&#8243; _module_preset=\u00bbdefault\u00bb global_colors_info=\u00bb{}\u00bb][et_pb_row _builder_version=\u00bb4.16&#8243; _module_preset=\u00bbdefault\u00bb global_colors_info=\u00bb{}\u00bb][et_pb_column type=\u00bb4_4&#8243; _builder_version=\u00bb4.16&#8243; _module_preset=\u00bbdefault\u00bb global_colors_info=\u00bb{}\u00bb][et_pb_text content_tablet=\u00bb\u00bb content_phone=\u00bb\u00bb content_last_edited=\u00bbon|desktop\u00bb admin_label=\u00bbIntroducci\u00f3n\u00bb _builder_version=\u00bb4.17.3&#8243; _module_preset=\u00bbdefault\u00bb global_colors_info=\u00bb{}\u00bb]\n<div dir=\"ltr\">\u00a0<\/div>\n<p dir=\"ltr\" data-placeholder=\"Translation\">El D\u00eda Internacional de las Familias se celebra cada 15 de mayo, con el objetivo de crear conciencia sobre el papel fundamental de las familias en la educaci\u00f3n de los hijos desde la primera infancia, y las oportunidades de aprendizaje permanente que existen para ni\u00f1os y j\u00f3venes.<\/p>\n<p>&nbsp;<\/p>\n<p><img loading=\"lazy\" decoding=\"async\" class=\"wp-image-4172  aligncenter\" src=\"https:\/\/vitaplay.cl\/wp-content\/uploads\/2022\/05\/Di\u0301a-de-la-Familia-300x202.jpg\" alt=\"D\u00eda de la Familia\" width=\"505\" height=\"341\" srcset=\"https:\/\/vitaplay.cl\/wp-content\/uploads\/2022\/05\/Di\u0301a-de-la-Familia-300x202.jpg 300w, https:\/\/vitaplay.cl\/wp-content\/uploads\/2022\/05\/Di\u0301a-de-la-Familia-1024x689.jpg 1024w, https:\/\/vitaplay.cl\/wp-content\/uploads\/2022\/05\/Di\u0301a-de-la-Familia-1280x861.jpg 1280w, https:\/\/vitaplay.cl\/wp-content\/uploads\/2022\/05\/Di\u0301a-de-la-Familia-980x659.jpg 980w, https:\/\/vitaplay.cl\/wp-content\/uploads\/2022\/05\/Di\u0301a-de-la-Familia-480x323.jpg 480w, https:\/\/vitaplay.cl\/wp-content\/uploads\/2022\/05\/Di\u0301a-de-la-Familia.jpg 1398w\" sizes=\"(max-width: 505px) 100vw, 505px\" \/><\/p>\n<p style=\"text-align: center;\"><em style=\"text-align: center;\">Fotograf\u00eda<\/em><span style=\"text-align: center;\">:\u00a0 <\/span><a href=\"https:\/\/www.pexels.com\/@migsr87\/\">Migs Reyes<\/a><\/p>\n<p>&nbsp;<\/p>\n[\/et_pb_text][\/et_pb_column][\/et_pb_row][et_pb_row admin_label=\u00bbFila\u00bb _builder_version=\u00bb4.16&#8243; _module_preset=\u00bbdefault\u00bb global_colors_info=\u00bb{}\u00bb][et_pb_column type=\u00bb4_4&#8243; _builder_version=\u00bb4.16&#8243; _module_preset=\u00bbdefault\u00bb global_colors_info=\u00bb{}\u00bb][et_pb_text admin_label=\u00bbTexto1&#8243; _builder_version=\u00bb4.17.3&#8243; _module_preset=\u00bbdefault\u00bb global_colors_info=\u00bb{}\u00bb]\n<p id=\"tw-target-text\" class=\"tw-data-text tw-text-large tw-ta\" dir=\"ltr\" data-placeholder=\"Translation\">Pese a que el concepto de familia ha evolucionado en las \u00faltimas d\u00e9cadas, de acuerdo con las tendencias mundiales y los cambios demogr\u00e1ficos, para las Naciones Unidas \u00abla familia constituye la unidad b\u00e1sica de la sociedad\u00bb. El D\u00eda Internacional de las Familias nos ofrece la oportunidad de reconocer, identificar y analizar los aspectos sociales, econ\u00f3micos y demogr\u00e1ficos que afectan al desarrollo y evoluci\u00f3n de la familia.<\/p>\n<p>Para celebrar este d\u00eda, mundialmente se realizan actividades como talleres, conferencias, programas de radio y televisi\u00f3n, con el fin de fomentar y favorecer el mantenimiento y la mejora de la unidad familiar.<\/p>\n<p>&nbsp;<\/p>\n<h3>Historia<\/h3>\n<p>&nbsp;<\/p>\n<p>Durante la d\u00e9cada de los ochenta, los pa\u00edses miembros de las Naciones Unidas comenzaron a enfocarse en temas relacionados con la familia. En 1983, la Comisi\u00f3n de Desarrollo Social solicit\u00f3 al Secretario General promover \u00abentre los encargados de adoptar decisiones y el p\u00fablico, una mayor conciencia de los problemas y las necesidades de la familia, as\u00ed como de las formas eficaces de satisfacer dichas necesidades\u00bb.<\/p>\n<p>M\u00e1s tarde, en 1985, el Consejo pidi\u00f3 a la Asamblea General que considerara la posibilidad de incluir en su programa provisional el tema titulado \u00abLas familias en el proceso de desarrollo\u00bb, con el objetivo de solicitar al Secretario General iniciar un proceso para crear conciencia sobre este asunto entre los gobiernos, las organizaciones intergubernamentales y no gubernamentales y tambi\u00e9n la opini\u00f3n p\u00fablica.<\/p>\n<p>Atendiendo a las recomendaciones de la Comisi\u00f3n de Desarrollo Social, la Asamblea invit\u00f3 a los pa\u00edses miembros a manifestar su parecer acerca de la posible proclamaci\u00f3n de un a\u00f1o internacional de la familia, adem\u00e1s de formular observaciones y propuestas. El Consejo tambi\u00e9n pidi\u00f3 al Secretario General que presentara ante la Asamblea un informe general, basado en las observaciones y propuestas de los pa\u00edses miembros, acerca de la proclamaci\u00f3n del a\u00f1o y otras medidas para mejorar la situaci\u00f3n y el bienestar de las familias y favorecer el progreso y desarrollo social.<\/p>\n<p>El 9 de diciembre de 1989, la Asamblea General proclam\u00f3 el A\u00f1o Internacional de la Familia. M\u00e1s tarde, en 1993, decidi\u00f3 celebrar el D\u00eda Internacional de las Familias cada 15 de mayo, con el fin de dar a conocer aspectos relativos a las familias y reflexionar sobre c\u00f3mo les afectan los procesos sociales, econ\u00f3micos y demogr\u00e1ficos.<\/p>\n<p>El 25 de septiembre de 2015, los 193 pa\u00edses miembros de las Naciones Unidas adoptaron los Objetivos de Desarrollo Sostenible, que consisten en \u00ab17 objetivos dirigidos a erradicar la pobreza, la discriminaci\u00f3n, los abusos y las muertes prevenibles, abordar la destrucci\u00f3n del medio ambiente e iniciar una era de desarrollo para todos los habitantes del planeta\u00bb. Las familias y las pol\u00edticas que se ocupan de las cuestiones que les afectan, son claves para la consecuci\u00f3n de muchos de estos objetivos.<\/p>\n[\/et_pb_text][et_pb_text admin_label=\u00bbConclusi\u00f3n\u00bb _builder_version=\u00bb4.17.3&#8243; _module_preset=\u00bbdefault\u00bb global_colors_info=\u00bb{}\u00bb]\n<h4 class=\"the-single__title\" style=\"text-align: center;\">\u00a0<\/h4>\n<h4 style=\"text-align: center;\">\u00abLas familias son muy diversas; sienten y viven de maneras distintas. Pueden ser lugares de amor, cuidado y satisfacci\u00f3n, pero, con demasiada frecuencia, son espacios donde no se respetan los derechos de las mujeres y se silencian sus voces y donde impera la desigualdad de g\u00e9nero. En el mundo cambiante de hoy, las leyes y pol\u00edticas deben fundarse en las realidades de la vida familiar\u00bb. Naciones Unidas.<\/h4>\n<h4 class=\"the-single__title\" style=\"text-align: center;\">\u00a0<\/h4>\n<p>&nbsp;<\/p>\n<p>&nbsp;<\/p>\n<h3>Art\u00edculos Recomendados:<\/h3>\n<ul>\n<li><a href=\"https:\/\/vitaplay.cl\/dia-de-los-derechos-del-nino-20-de-noviembre\/\" rel=\"noopener\">D\u00eda de los Derechos del Ni\u00f1o \u2013 20 de Noviembre<\/a><\/li>\n<li><a href=\"https:\/\/vitaplay.cl\/dia-mundial-del-agua-22-de-marzo\/\" rel=\"noopener\">D\u00eda Mundial del Agua \u2013 22 de marzo<\/a><\/li>\n<li><a href=\"https:\/\/vitaplay.cl\/winol-tripantu-ano-nuevo-mapuche\/\" rel=\"noopener\">Wi\u00f1ol Tripantu: A\u00f1o Nuevo Mapuche<\/a><\/li>\n<\/ul>\n[\/et_pb_text][\/et_pb_column][\/et_pb_row][\/et_pb_section][et_pb_section fb_built=\u00bb1&#8243; _builder_version=\u00bb4.16&#8243; _module_preset=\u00bbdefault\u00bb global_colors_info=\u00bb{}\u00bb][et_pb_row _builder_version=\u00bb4.16&#8243; _module_preset=\u00bbdefault\u00bb global_colors_info=\u00bb{}\u00bb][et_pb_column type=\u00bb4_4&#8243; _builder_version=\u00bb4.16&#8243; _module_preset=\u00bbdefault\u00bb global_colors_info=\u00bb{}\u00bb][et_pb_text admin_label=\u00bbPi\u00e9 de P\u00e1gina\u00bb _builder_version=\u00bb4.17.4&#8243; _module_preset=\u00bbdefault\u00bb hover_enabled=\u00bb0&#8243; locked=\u00bboff\u00bb global_colors_info=\u00bb{}\u00bb sticky_enabled=\u00bb0&#8243;]\n<p>&nbsp;<\/p>\n<h2>\u00a0<\/h2>\n<h2><img loading=\"lazy\" decoding=\"async\" class=\"wp-image-1986 size-medium aligncenter\" src=\"https:\/\/vitaplay.cl\/wp-content\/uploads\/2020\/11\/Jani-2-300x233.jpg\" alt=\"Jani 2\" width=\"300\" height=\"233\" \/><\/h2>\n<h2 style=\"text-align: center;\"><a href=\"https:\/\/www.linkedin.com\/in\/alesoprano\/\" target=\"_blank\" rel=\"noopener noreferrer\">Alejandra Jim\u00e9nez<\/a><\/h2>\n<p style=\"text-align: center;\"><strong>Teor\u00edas de Aprendizaje de la Lengua Inglesa<\/strong><\/p>\n[\/et_pb_text][\/et_pb_column][\/et_pb_row][\/et_pb_section]\n","protected":false},"excerpt":{"rendered":"<p>El D\u00eda Internacional de las Familias tiene por objetivo crear conciencia sobre el papel fundamental de la familia en la educaci\u00f3n de los hijos desde la primera infancia.<\/p>\n","protected":false},"author":2,"featured_media":4172,"comment_status":"closed","ping_status":"closed","sticky":false,"template":"","format":"standard","meta":{"_et_pb_use_builder":"on","_et_pb_old_content":"","_et_gb_content_width":"","footnotes":""},"categories":[16],"tags":[256,255,181,170],"class_list":["post-4170","post","type-post","status-publish","format-standard","has-post-thumbnail","hentry","category-blog","tag-dia-de-la-familia","tag-familia","tag-naciones-unidas","tag-onu"],"yoast_head":"<!-- This site is optimized with the Yoast SEO plugin v26.6 - https:\/\/yoast.com\/wordpress\/plugins\/seo\/ -->\n<title>D\u00eda Internacional de las Familias - Corporaci\u00f3n Vitaplay<\/title>\n<meta name=\"description\" content=\"El D\u00eda Internacional de las Familias tiene por objetivo crear conciencia sobre el papel fundamental de la familia en la educaci\u00f3n de los hijos desde la primera infancia.\" \/>\n<meta name=\"robots\" content=\"index, follow, max-snippet:-1, max-image-preview:large, max-video-preview:-1\" \/>\n<link rel=\"canonical\" href=\"https:\/\/vitaplay.cl\/?p=4170\" \/>\n<meta property=\"og:locale\" content=\"es_ES\" \/>\n<meta property=\"og:type\" content=\"article\" \/>\n<meta property=\"og:title\" content=\"D\u00eda Internacional de las Familias - Corporaci\u00f3n Vitaplay\" \/>\n<meta property=\"og:description\" content=\"El D\u00eda Internacional de las Familias tiene por objetivo crear conciencia sobre el papel fundamental de la familia en la educaci\u00f3n de los hijos desde la primera infancia.\" \/>\n<meta property=\"og:url\" content=\"https:\/\/vitaplay.cl\/?p=4170\" \/>\n<meta property=\"og:site_name\" content=\"Corporaci\u00f3n Vitaplay\" \/>\n<meta property=\"article:published_time\" content=\"2022-05-11T01:00:07+00:00\" \/>\n<meta property=\"article:modified_time\" content=\"2022-05-24T01:40:23+00:00\" \/>\n<meta property=\"og:image\" content=\"https:\/\/vitaplay.cl\/wp-content\/uploads\/2022\/05\/Di\u0301a-de-la-Familia.jpg\" \/>\n\t<meta property=\"og:image:width\" content=\"1398\" \/>\n\t<meta property=\"og:image:height\" content=\"940\" \/>\n\t<meta property=\"og:image:type\" content=\"image\/jpeg\" \/>\n<meta name=\"twitter:card\" content=\"summary_large_image\" \/>\n<meta name=\"twitter:label1\" content=\"Escrito por\" \/>\n\t<meta name=\"twitter:data1\" content=\"\" \/>\n<script type=\"application\/ld+json\" class=\"yoast-schema-graph\">{\"@context\":\"https:\/\/schema.org\",\"@graph\":[{\"@type\":\"WebPage\",\"@id\":\"https:\/\/vitaplay.cl\/?p=4170\",\"url\":\"https:\/\/vitaplay.cl\/?p=4170\",\"name\":\"D\u00eda Internacional de las Familias - Corporaci\u00f3n Vitaplay\",\"isPartOf\":{\"@id\":\"https:\/\/vitaplay.cl\/#website\"},\"primaryImageOfPage\":{\"@id\":\"https:\/\/vitaplay.cl\/?p=4170#primaryimage\"},\"image\":{\"@id\":\"https:\/\/vitaplay.cl\/?p=4170#primaryimage\"},\"thumbnailUrl\":\"https:\/\/vitaplay.cl\/wp-content\/uploads\/2022\/05\/Di\u0301a-de-la-Familia.jpg\",\"datePublished\":\"2022-05-11T01:00:07+00:00\",\"dateModified\":\"2022-05-24T01:40:23+00:00\",\"author\":{\"@id\":\"\"},\"description\":\"El D\u00eda Internacional de las Familias tiene por objetivo crear conciencia sobre el papel fundamental de la familia en la educaci\u00f3n de los hijos desde la primera infancia.\",\"breadcrumb\":{\"@id\":\"https:\/\/vitaplay.cl\/?p=4170#breadcrumb\"},\"inLanguage\":\"es\",\"potentialAction\":[{\"@type\":\"ReadAction\",\"target\":[\"https:\/\/vitaplay.cl\/?p=4170\"]}]},{\"@type\":\"ImageObject\",\"inLanguage\":\"es\",\"@id\":\"https:\/\/vitaplay.cl\/?p=4170#primaryimage\",\"url\":\"https:\/\/vitaplay.cl\/wp-content\/uploads\/2022\/05\/Di\u0301a-de-la-Familia.jpg\",\"contentUrl\":\"https:\/\/vitaplay.cl\/wp-content\/uploads\/2022\/05\/Di\u0301a-de-la-Familia.jpg\",\"width\":1398,\"height\":940,\"caption\":\"D\u00eda de la Familia\"},{\"@type\":\"BreadcrumbList\",\"@id\":\"https:\/\/vitaplay.cl\/?p=4170#breadcrumb\",\"itemListElement\":[{\"@type\":\"ListItem\",\"position\":1,\"name\":\"Portada\",\"item\":\"https:\/\/vitaplay.cl\/\"},{\"@type\":\"ListItem\",\"position\":2,\"name\":\"D\u00eda Internacional de las Familias\"}]},{\"@type\":\"WebSite\",\"@id\":\"https:\/\/vitaplay.cl\/#website\",\"url\":\"https:\/\/vitaplay.cl\/\",\"name\":\"Corporaci\u00f3n Vitaplay\",\"description\":\"Un mundo de aventuras\",\"potentialAction\":[{\"@type\":\"SearchAction\",\"target\":{\"@type\":\"EntryPoint\",\"urlTemplate\":\"https:\/\/vitaplay.cl\/?s={search_term_string}\"},\"query-input\":{\"@type\":\"PropertyValueSpecification\",\"valueRequired\":true,\"valueName\":\"search_term_string\"}}],\"inLanguage\":\"es\"},{\"@type\":\"Person\",\"@id\":\"\",\"url\":\"https:\/\/vitaplay.cl\/?author=2\"}]}<\/script>\n<!-- \/ Yoast SEO plugin. -->","yoast_head_json":{"title":"D\u00eda Internacional de las Familias - Corporaci\u00f3n Vitaplay","description":"El D\u00eda Internacional de las Familias tiene por objetivo crear conciencia sobre el papel fundamental de la familia en la educaci\u00f3n de los hijos desde la primera infancia.","robots":{"index":"index","follow":"follow","max-snippet":"max-snippet:-1","max-image-preview":"max-image-preview:large","max-video-preview":"max-video-preview:-1"},"canonical":"https:\/\/vitaplay.cl\/?p=4170","og_locale":"es_ES","og_type":"article","og_title":"D\u00eda Internacional de las Familias - Corporaci\u00f3n Vitaplay","og_description":"El D\u00eda Internacional de las Familias tiene por objetivo crear conciencia sobre el papel fundamental de la familia en la educaci\u00f3n de los hijos desde la primera infancia.","og_url":"https:\/\/vitaplay.cl\/?p=4170","og_site_name":"Corporaci\u00f3n Vitaplay","article_published_time":"2022-05-11T01:00:07+00:00","article_modified_time":"2022-05-24T01:40:23+00:00","og_image":[{"width":1398,"height":940,"url":"https:\/\/vitaplay.cl\/wp-content\/uploads\/2022\/05\/Di\u0301a-de-la-Familia.jpg","type":"image\/jpeg"}],"twitter_card":"summary_large_image","twitter_misc":{"Escrito por":""},"schema":{"@context":"https:\/\/schema.org","@graph":[{"@type":"WebPage","@id":"https:\/\/vitaplay.cl\/?p=4170","url":"https:\/\/vitaplay.cl\/?p=4170","name":"D\u00eda Internacional de las Familias - Corporaci\u00f3n Vitaplay","isPartOf":{"@id":"https:\/\/vitaplay.cl\/#website"},"primaryImageOfPage":{"@id":"https:\/\/vitaplay.cl\/?p=4170#primaryimage"},"image":{"@id":"https:\/\/vitaplay.cl\/?p=4170#primaryimage"},"thumbnailUrl":"https:\/\/vitaplay.cl\/wp-content\/uploads\/2022\/05\/Di\u0301a-de-la-Familia.jpg","datePublished":"2022-05-11T01:00:07+00:00","dateModified":"2022-05-24T01:40:23+00:00","author":{"@id":""},"description":"El D\u00eda Internacional de las Familias tiene por objetivo crear conciencia sobre el papel fundamental de la familia en la educaci\u00f3n de los hijos desde la primera infancia.","breadcrumb":{"@id":"https:\/\/vitaplay.cl\/?p=4170#breadcrumb"},"inLanguage":"es","potentialAction":[{"@type":"ReadAction","target":["https:\/\/vitaplay.cl\/?p=4170"]}]},{"@type":"ImageObject","inLanguage":"es","@id":"https:\/\/vitaplay.cl\/?p=4170#primaryimage","url":"https:\/\/vitaplay.cl\/wp-content\/uploads\/2022\/05\/Di\u0301a-de-la-Familia.jpg","contentUrl":"https:\/\/vitaplay.cl\/wp-content\/uploads\/2022\/05\/Di\u0301a-de-la-Familia.jpg","width":1398,"height":940,"caption":"D\u00eda de la Familia"},{"@type":"BreadcrumbList","@id":"https:\/\/vitaplay.cl\/?p=4170#breadcrumb","itemListElement":[{"@type":"ListItem","position":1,"name":"Portada","item":"https:\/\/vitaplay.cl\/"},{"@type":"ListItem","position":2,"name":"D\u00eda Internacional de las Familias"}]},{"@type":"WebSite","@id":"https:\/\/vitaplay.cl\/#website","url":"https:\/\/vitaplay.cl\/","name":"Corporaci\u00f3n Vitaplay","description":"Un mundo de aventuras","potentialAction":[{"@type":"SearchAction","target":{"@type":"EntryPoint","urlTemplate":"https:\/\/vitaplay.cl\/?s={search_term_string}"},"query-input":{"@type":"PropertyValueSpecification","valueRequired":true,"valueName":"search_term_string"}}],"inLanguage":"es"},{"@type":"Person","@id":"","url":"https:\/\/vitaplay.cl\/?author=2"}]}},"_links":{"self":[{"href":"https:\/\/vitaplay.cl\/index.php?rest_route=\/wp\/v2\/posts\/4170","targetHints":{"allow":["GET"]}}],"collection":[{"href":"https:\/\/vitaplay.cl\/index.php?rest_route=\/wp\/v2\/posts"}],"about":[{"href":"https:\/\/vitaplay.cl\/index.php?rest_route=\/wp\/v2\/types\/post"}],"author":[{"embeddable":true,"href":"https:\/\/vitaplay.cl\/index.php?rest_route=\/wp\/v2\/users\/2"}],"replies":[{"embeddable":true,"href":"https:\/\/vitaplay.cl\/index.php?rest_route=%2Fwp%2Fv2%2Fcomments&post=4170"}],"version-history":[{"count":6,"href":"https:\/\/vitaplay.cl\/index.php?rest_route=\/wp\/v2\/posts\/4170\/revisions"}],"predecessor-version":[{"id":4181,"href":"https:\/\/vitaplay.cl\/index.php?rest_route=\/wp\/v2\/posts\/4170\/revisions\/4181"}],"wp:featuredmedia":[{"embeddable":true,"href":"https:\/\/vitaplay.cl\/index.php?rest_route=\/wp\/v2\/media\/4172"}],"wp:attachment":[{"href":"https:\/\/vitaplay.cl\/index.php?rest_route=%2Fwp%2Fv2%2Fmedia&parent=4170"}],"wp:term":[{"taxonomy":"category","embeddable":true,"href":"https:\/\/vitaplay.cl\/index.php?rest_route=%2Fwp%2Fv2%2Fcategories&post=4170"},{"taxonomy":"post_tag","embeddable":true,"href":"https:\/\/vitaplay.cl\/index.php?rest_route=%2Fwp%2Fv2%2Ftags&post=4170"}],"curies":[{"name":"wp","href":"https:\/\/api.w.org\/{rel}","templated":true}]}}