{"id":3928,"date":"2022-04-05T21:29:09","date_gmt":"2022-04-05T21:29:09","guid":{"rendered":"https:\/\/vitaplay.cl\/?p=3928"},"modified":"2022-05-24T01:46:05","modified_gmt":"2022-05-24T01:46:05","slug":"que-es-inclusion-social","status":"publish","type":"post","link":"https:\/\/vitaplay.cl\/?p=3928","title":{"rendered":"\u00bfQu\u00e9 es Inclusi\u00f3n Social?"},"content":{"rendered":"[et_pb_section fb_built=\u00bb1&#8243; _builder_version=\u00bb4.16&#8243; _module_preset=\u00bbdefault\u00bb global_colors_info=\u00bb{}\u00bb][et_pb_row _builder_version=\u00bb4.16&#8243; _module_preset=\u00bbdefault\u00bb global_colors_info=\u00bb{}\u00bb][et_pb_column type=\u00bb4_4&#8243; _builder_version=\u00bb4.16&#8243; _module_preset=\u00bbdefault\u00bb global_colors_info=\u00bb{}\u00bb][et_pb_text content_tablet=\u00bb\u00bb content_phone=\u00bb\u00bb content_last_edited=\u00bbon|desktop\u00bb admin_label=\u00bbIntroducci\u00f3n\u00bb _builder_version=\u00bb4.16&#8243; _module_preset=\u00bbdefault\u00bb global_colors_info=\u00bb{}\u00bb]\n<div dir=\"ltr\">\u00a0<\/div>\n<div class=\"bbc-19j92fr e57qer20\" dir=\"ltr\">El 10 de diciembre de 1948, la Asamblea General de las Naciones Unidas proclam\u00f3 la Declaraci\u00f3n Universal de Derechos Humanos, cuyo contenido es considerado una norma com\u00fan de aplicaci\u00f3n en cada uno de los pa\u00edses miembros. Las autoridades de estos pa\u00edses deben asegurar el respeto a la dignidad y a los derechos de todo hombre, mujer, ni\u00f1o y ni\u00f1a, \u201csin distinci\u00f3n alguna de raza, color, sexo, idioma, religi\u00f3n, opini\u00f3n pol\u00edtica o de cualquier otra \u00edndole, origen nacional o social, posici\u00f3n econ\u00f3mica, nacimiento o cualquier otra condici\u00f3n\u201d.<\/div>\n<div dir=\"ltr\">\u00a0<\/div>\n<div class=\"bbc-19j92fr e57qer20\" dir=\"ltr\">Podemos decir que actualmente, en \u00e1mbitos como la educaci\u00f3n y el trabajo, adem\u00e1s de algunas entidades, se ha logrado mejoras significativas en cuanto a accesibilidad y oportunidades para personas con discapacidad. Sin embargo, a\u00fan existen desaf\u00edos que debemos trabajar para construir una cultura de todos y para todos.<\/div>\n<div dir=\"ltr\">\u00a0<\/div>\n<div dir=\"ltr\">\u00a0<\/div>\n<div dir=\"ltr\">\u00a0<\/div>\n<p><img loading=\"lazy\" decoding=\"async\" class=\"wp-image-3934 aligncenter\" src=\"https:\/\/vitaplay.cl\/wp-content\/uploads\/2022\/02\/Inclusio\u0301n-Social-300x199.jpg\" alt=\"Inclusio\u0301n Social\" width=\"510\" height=\"338\" srcset=\"https:\/\/vitaplay.cl\/wp-content\/uploads\/2022\/02\/Inclusio\u0301n-Social-300x199.jpg 300w, https:\/\/vitaplay.cl\/wp-content\/uploads\/2022\/02\/Inclusio\u0301n-Social-1024x679.jpg 1024w, https:\/\/vitaplay.cl\/wp-content\/uploads\/2022\/02\/Inclusio\u0301n-Social-768x509.jpg 768w, https:\/\/vitaplay.cl\/wp-content\/uploads\/2022\/02\/Inclusio\u0301n-Social-1536x1018.jpg 1536w, https:\/\/vitaplay.cl\/wp-content\/uploads\/2022\/02\/Inclusio\u0301n-Social-1080x716.jpg 1080w, https:\/\/vitaplay.cl\/wp-content\/uploads\/2022\/02\/Inclusio\u0301n-Social-1280x849.jpg 1280w, https:\/\/vitaplay.cl\/wp-content\/uploads\/2022\/02\/Inclusio\u0301n-Social-980x650.jpg 980w, https:\/\/vitaplay.cl\/wp-content\/uploads\/2022\/02\/Inclusio\u0301n-Social-480x318.jpg 480w, https:\/\/vitaplay.cl\/wp-content\/uploads\/2022\/02\/Inclusio\u0301n-Social.jpg 1596w\" sizes=\"(max-width: 510px) 100vw, 510px\" \/><\/p>\n<p style=\"text-align: center;\"><em style=\"text-align: center;\">Fotograf\u00eda<\/em><span style=\"text-align: center;\">:\u00a0 <\/span><a href=\"https:\/\/www.pexels.com\/@mart-production\">Mart Production<\/a><\/p>\n<p>&nbsp;<\/p>\n[\/et_pb_text][\/et_pb_column][\/et_pb_row][et_pb_row admin_label=\u00bbFila\u00bb _builder_version=\u00bb4.16&#8243; _module_preset=\u00bbdefault\u00bb global_colors_info=\u00bb{}\u00bb][et_pb_column type=\u00bb4_4&#8243; _builder_version=\u00bb4.16&#8243; _module_preset=\u00bbdefault\u00bb global_colors_info=\u00bb{}\u00bb][et_pb_text admin_label=\u00bbTexto1&#8243; _builder_version=\u00bb4.16&#8243; _module_preset=\u00bbdefault\u00bb global_colors_info=\u00bb{}\u00bb]\n<p>&nbsp;<\/p>\n<p>El <strong>D\u00eda Nacional de la Inclusi\u00f3n Social y la No Discriminaci\u00f3n <\/strong>se celebra en Chile cada 3 de diciembre, con el objeto de promover una sociedad accesible e inclusiva, de todos y para todos. Esta conmemoraci\u00f3n pretende crear consciencia de que en nuestro pa\u00eds hay muchas personas discriminadas y excluidas, cuyos derechos son vulnerados por diversas razones, afectando especialmente a aqu\u00e9llos en situaci\u00f3n de discapacidad, para lograr construir una cultura de inclusi\u00f3n y accesibilidad a nivel nacional.<\/p>\n<p>La presidenta de la Asociaci\u00f3n de Mujeres Ciegas y Baja Visi\u00f3n de Chile, Mar\u00eda Jos\u00e9 Vergara, relata que, a lo largo de su vida, ha sido v\u00edctima discriminaci\u00f3n innumerables veces por ser ciega y ha tenido muchas dificultades para tener acceso igualitario a oportunidades. <em>\u201cTuve que rogar para entrar a la universidad\u201d<\/em>, cuenta Mar\u00eda Jose, hasta que al fin logr\u00f3 matricularse en la Universidad San Sebasti\u00e1n de Concepci\u00f3n, en la carrera que deseaba. Actualmente, es educadora diferencial y trabaja como profesora en Coalivi, adem\u00e1s es docente universitaria y voluntaria en Ingeniosas Biob\u00edo. Mar\u00eda Jos\u00e9 valora que hoy en d\u00eda existan leyes que evitan lo que ella sufri\u00f3 y permiten que las personas con discapacidad ingresen a la universidad.<\/p>\n<p>Los fundadores de Lense Biob\u00edo, Jos\u00e9 Lazcano (int\u00e9rprete de lengua de se\u00f1as) y Eduardo P\u00e9rez (instructor de lengua de se\u00f1as), dicen que es necesario que exista m\u00e1s acceso a la informaci\u00f3n sobre discapacidad e inclusi\u00f3n, con el objetivo de promover el inter\u00e9s de parte de la poblaci\u00f3n en aprender al respecto. <em>\u201cCreemos que eso significa que vivimos en una generaci\u00f3n de personas que est\u00e1n m\u00e1s dispuestas y abiertas a conversar sobre estos temas y dialogar\u201d<\/em>, se\u00f1alan.<\/p>\n<p>Si queremos ser una sociedad inclusiva, debemos valorar la riqueza de la diversidad humana, partiendo por cambiar la manera en que miramos a las personas con discapacidad, vale decir, debemos entender que son personas con derechos y deberes y no sujetos de caridad o admiraci\u00f3n.<\/p>\n<p>En Chile, las personas con discapacidad a\u00fan enfrentan grandes desaf\u00edos; uno de ellos es el derecho sexual y reproductivo. Por el hecho de tener una discapacidad, no se le respeta su derecho al erotismo, al placer y a la reproducci\u00f3n, y puede ser v\u00edctima de esterilizaci\u00f3n forzosa, o le pueden quitar a sus hijos.<\/p>\n<p>En el \u00e1mbito pol\u00edtico, destaca la peque\u00f1a representatividad de personas con discapacidad en cargos, siendo \u00e9sta de un 4% solamente.<\/p>\n<p>Una persona ciega no goza de igualdad de acceso a la informaci\u00f3n, ya sea para uso educativo o recreativo, porque las tecnolog\u00edas y medios digitales no cuentan con formatos legibles para las pantallas especiales para personas ciegas o con baja visi\u00f3n. <em>\u201cComo persona ciega hoy no puedo desde acceder a una noticia relevante hasta a ocio y recreaci\u00f3n, porque hoy casi todos son afiches visuales, im\u00e1genes o fotos, y son m\u00e1s importantes que la descripci\u00f3n\u201d<\/em>, afirma Mar\u00eda Jos\u00e9 Vergara.<\/p>\n<p>Asimismo, los comercios, los servicios, los medios de comunicaci\u00f3n y los contenidos audiovisuales de Internet, carecen de int\u00e9rpretes de lenguaje de se\u00f1as para personas con discapacidad auditiva.<\/p>\n<p>Si bien, en Chile existen pol\u00edticas p\u00fablicas orientadas a mejorar el acceso a igualdad para las personas con discapacidad, hay una gran deficiencia en la fiscalizaci\u00f3n del cumplimiento de ellas. En este aspecto, es necesario establecer la obligatoriedad de dichas pol\u00edticas.<\/p>\n<p>La inclusi\u00f3n no se trata solamente de involucrar a las personas con discapacidad, sino de incluir a todos. Este cambio de mentalidad es imprescindible para lograr avanzar en la construcci\u00f3n de una sociedad inclusiva. <em>\u201cLa inclusi\u00f3n tiene que ver con aceptar, con respeto, con entender las necesidades del otro\u201d<\/em> plantea Jos\u00e9 Lazcano.<\/p>\n<p>Todos podemos ser sujetos de discriminaci\u00f3n en alg\u00fan momento, ya sea por nuestro origen \u00e9tnico, orientaci\u00f3n sexual, creencia, o por cualquier otra situaci\u00f3n de minor\u00eda, no s\u00f3lo por una discapacidad.<\/p>\n<p>Debemos entender que todos somos diferentes y que esa diversidad es lo que nos enriquece como personas. La inclusi\u00f3n es un beneficio de todos y para todos, que consiste en valorar al ser humano sin importar su condici\u00f3n.<\/p>\n[\/et_pb_text][et_pb_text admin_label=\u00bbConclusi\u00f3n\u00bb _builder_version=\u00bb4.16&#8243; _module_preset=\u00bbdefault\u00bb global_colors_info=\u00bb{}\u00bb]\n<p>&nbsp;<\/p>\n<h4 class=\"the-single__title\" style=\"text-align: center;\"><strong>\u00abInclusi\u00f3n social: camino que se recorre distante de la meta, pero con avances\u00bb.<\/strong><\/h4>\n<p>&nbsp;<\/p>\n<p>&nbsp;<\/p>\n<h3>Art\u00edculos Recomendados:<\/h3>\n<ul>\n<li><a href=\"https:\/\/vitaplay.cl\/ayuda-a-tu-hijo-para-que-aprenda-a-escribir\/\" rel=\"noopener\">Ayuda a tu hijo para que aprenda a escribir<\/a><\/li>\n<li><a href=\"https:\/\/vitaplay.cl\/ensena-a-tus-hijos-a-desarrollar-autocontrol\/\" rel=\"noopener\">Ense\u00f1a a tus hijos a desarrollar autocontrol<\/a><\/li>\n<li><a href=\"https:\/\/vitaplay.cl\/estrategias-para-aumentar-las-emociones-positivas\/\" rel=\"noopener\">\u00bfC\u00f3mo mejorar nuestras habilidades sociales?<\/a><\/li>\n<\/ul>\n[\/et_pb_text][\/et_pb_column][\/et_pb_row][\/et_pb_section][et_pb_section fb_built=\u00bb1&#8243; _builder_version=\u00bb4.16&#8243; _module_preset=\u00bbdefault\u00bb global_colors_info=\u00bb{}\u00bb][et_pb_row _builder_version=\u00bb4.16&#8243; _module_preset=\u00bbdefault\u00bb global_colors_info=\u00bb{}\u00bb][et_pb_column type=\u00bb4_4&#8243; _builder_version=\u00bb4.16&#8243; _module_preset=\u00bbdefault\u00bb global_colors_info=\u00bb{}\u00bb][et_pb_text admin_label=\u00bbPi\u00e9 de P\u00e1gina\u00bb _builder_version=\u00bb4.17.4&#8243; _module_preset=\u00bbdefault\u00bb hover_enabled=\u00bb0&#8243; locked=\u00bboff\u00bb global_colors_info=\u00bb{}\u00bb sticky_enabled=\u00bb0&#8243;]\n<p>&nbsp;<\/p>\n<h2>\u00a0<\/h2>\n<h2><img loading=\"lazy\" decoding=\"async\" class=\"wp-image-1986 size-medium aligncenter\" src=\"https:\/\/vitaplay.cl\/wp-content\/uploads\/2020\/11\/Jani-2-300x233.jpg\" alt=\"Jani 2\" width=\"300\" height=\"233\" \/><\/h2>\n<h2 style=\"text-align: center;\"><a href=\"https:\/\/www.linkedin.com\/in\/alesoprano\/\" target=\"_blank\" rel=\"noopener noreferrer\">Alejandra Jim\u00e9nez<\/a><\/h2>\n<p style=\"text-align: center;\"><strong>Teor\u00edas de Aprendizaje de la Lengua Inglesa<\/strong><\/p>\n[\/et_pb_text][\/et_pb_column][\/et_pb_row][\/et_pb_section]\n","protected":false},"excerpt":{"rendered":"<p>Debemos entender que todos somos diferentes y que esa diversidad es lo que nos enriquece como personas. La inclusi\u00f3n es un beneficio de todos y para todos, que consiste en valorar al ser humano sin importar su condici\u00f3n.<\/p>\n","protected":false},"author":2,"featured_media":3934,"comment_status":"closed","ping_status":"closed","sticky":false,"template":"","format":"standard","meta":{"_et_pb_use_builder":"on","_et_pb_old_content":"","_et_gb_content_width":"","footnotes":""},"categories":[16],"tags":[223,169,232,222,145,221],"class_list":["post-3928","post","type-post","status-publish","format-standard","has-post-thumbnail","hentry","category-blog","tag-derechos","tag-derechos-humanos","tag-discapacidad","tag-discriminacion","tag-inclusion","tag-inclusion-social"],"yoast_head":"<!-- This site is optimized with the Yoast SEO plugin v26.6 - https:\/\/yoast.com\/wordpress\/plugins\/seo\/ -->\n<title>\u00bfQu\u00e9 es Inclusi\u00f3n Social?<\/title>\n<meta name=\"description\" content=\"La inclusi\u00f3n social es un beneficio de todos y para todos, que consiste en valorar al ser humano sin importar su condici\u00f3n.\" \/>\n<meta name=\"robots\" content=\"index, follow, max-snippet:-1, max-image-preview:large, max-video-preview:-1\" \/>\n<link rel=\"canonical\" href=\"https:\/\/vitaplay.cl\/?p=3928\" \/>\n<meta property=\"og:locale\" content=\"es_ES\" \/>\n<meta property=\"og:type\" content=\"article\" \/>\n<meta property=\"og:title\" content=\"\u00bfQu\u00e9 es Inclusi\u00f3n Social? - Corporaci\u00f3n Vitaplay\" \/>\n<meta property=\"og:description\" content=\"La inclusi\u00f3n social es un beneficio de todos y para todos, que consiste en valorar al ser humano sin importar su condici\u00f3n.\" \/>\n<meta property=\"og:url\" content=\"https:\/\/vitaplay.cl\/?p=3928\" \/>\n<meta property=\"og:site_name\" content=\"Corporaci\u00f3n Vitaplay\" \/>\n<meta property=\"article:published_time\" content=\"2022-04-05T21:29:09+00:00\" \/>\n<meta property=\"article:modified_time\" content=\"2022-05-24T01:46:05+00:00\" \/>\n<meta property=\"og:image\" content=\"https:\/\/vitaplay.cl\/wp-content\/uploads\/2022\/02\/Inclusio\u0301n-Social.jpg\" \/>\n\t<meta property=\"og:image:width\" content=\"1596\" \/>\n\t<meta property=\"og:image:height\" content=\"1058\" \/>\n\t<meta property=\"og:image:type\" content=\"image\/jpeg\" \/>\n<meta name=\"twitter:card\" content=\"summary_large_image\" \/>\n<meta name=\"twitter:label1\" content=\"Escrito por\" \/>\n\t<meta name=\"twitter:data1\" content=\"\" \/>\n<script type=\"application\/ld+json\" class=\"yoast-schema-graph\">{\"@context\":\"https:\/\/schema.org\",\"@graph\":[{\"@type\":\"WebPage\",\"@id\":\"https:\/\/vitaplay.cl\/?p=3928\",\"url\":\"https:\/\/vitaplay.cl\/?p=3928\",\"name\":\"\u00bfQu\u00e9 es Inclusi\u00f3n Social?\",\"isPartOf\":{\"@id\":\"https:\/\/vitaplay.cl\/#website\"},\"primaryImageOfPage\":{\"@id\":\"https:\/\/vitaplay.cl\/?p=3928#primaryimage\"},\"image\":{\"@id\":\"https:\/\/vitaplay.cl\/?p=3928#primaryimage\"},\"thumbnailUrl\":\"https:\/\/vitaplay.cl\/wp-content\/uploads\/2022\/02\/Inclusio\u0301n-Social.jpg\",\"datePublished\":\"2022-04-05T21:29:09+00:00\",\"dateModified\":\"2022-05-24T01:46:05+00:00\",\"author\":{\"@id\":\"\"},\"description\":\"La inclusi\u00f3n social es un beneficio de todos y para todos, que consiste en valorar al ser humano sin importar su condici\u00f3n.\",\"breadcrumb\":{\"@id\":\"https:\/\/vitaplay.cl\/?p=3928#breadcrumb\"},\"inLanguage\":\"es\",\"potentialAction\":[{\"@type\":\"ReadAction\",\"target\":[\"https:\/\/vitaplay.cl\/?p=3928\"]}]},{\"@type\":\"ImageObject\",\"inLanguage\":\"es\",\"@id\":\"https:\/\/vitaplay.cl\/?p=3928#primaryimage\",\"url\":\"https:\/\/vitaplay.cl\/wp-content\/uploads\/2022\/02\/Inclusio\u0301n-Social.jpg\",\"contentUrl\":\"https:\/\/vitaplay.cl\/wp-content\/uploads\/2022\/02\/Inclusio\u0301n-Social.jpg\",\"width\":1596,\"height\":1058,\"caption\":\"Inclusio\u0301n Social\"},{\"@type\":\"BreadcrumbList\",\"@id\":\"https:\/\/vitaplay.cl\/?p=3928#breadcrumb\",\"itemListElement\":[{\"@type\":\"ListItem\",\"position\":1,\"name\":\"Portada\",\"item\":\"https:\/\/vitaplay.cl\/\"},{\"@type\":\"ListItem\",\"position\":2,\"name\":\"\u00bfQu\u00e9 es Inclusi\u00f3n Social?\"}]},{\"@type\":\"WebSite\",\"@id\":\"https:\/\/vitaplay.cl\/#website\",\"url\":\"https:\/\/vitaplay.cl\/\",\"name\":\"Corporaci\u00f3n Vitaplay\",\"description\":\"Un mundo de aventuras\",\"potentialAction\":[{\"@type\":\"SearchAction\",\"target\":{\"@type\":\"EntryPoint\",\"urlTemplate\":\"https:\/\/vitaplay.cl\/?s={search_term_string}\"},\"query-input\":{\"@type\":\"PropertyValueSpecification\",\"valueRequired\":true,\"valueName\":\"search_term_string\"}}],\"inLanguage\":\"es\"},{\"@type\":\"Person\",\"@id\":\"\",\"url\":\"https:\/\/vitaplay.cl\/?author=2\"}]}<\/script>\n<!-- \/ Yoast SEO plugin. -->","yoast_head_json":{"title":"\u00bfQu\u00e9 es Inclusi\u00f3n Social?","description":"La inclusi\u00f3n social es un beneficio de todos y para todos, que consiste en valorar al ser humano sin importar su condici\u00f3n.","robots":{"index":"index","follow":"follow","max-snippet":"max-snippet:-1","max-image-preview":"max-image-preview:large","max-video-preview":"max-video-preview:-1"},"canonical":"https:\/\/vitaplay.cl\/?p=3928","og_locale":"es_ES","og_type":"article","og_title":"\u00bfQu\u00e9 es Inclusi\u00f3n Social? - Corporaci\u00f3n Vitaplay","og_description":"La inclusi\u00f3n social es un beneficio de todos y para todos, que consiste en valorar al ser humano sin importar su condici\u00f3n.","og_url":"https:\/\/vitaplay.cl\/?p=3928","og_site_name":"Corporaci\u00f3n Vitaplay","article_published_time":"2022-04-05T21:29:09+00:00","article_modified_time":"2022-05-24T01:46:05+00:00","og_image":[{"width":1596,"height":1058,"url":"https:\/\/vitaplay.cl\/wp-content\/uploads\/2022\/02\/Inclusio\u0301n-Social.jpg","type":"image\/jpeg"}],"twitter_card":"summary_large_image","twitter_misc":{"Escrito por":""},"schema":{"@context":"https:\/\/schema.org","@graph":[{"@type":"WebPage","@id":"https:\/\/vitaplay.cl\/?p=3928","url":"https:\/\/vitaplay.cl\/?p=3928","name":"\u00bfQu\u00e9 es Inclusi\u00f3n Social?","isPartOf":{"@id":"https:\/\/vitaplay.cl\/#website"},"primaryImageOfPage":{"@id":"https:\/\/vitaplay.cl\/?p=3928#primaryimage"},"image":{"@id":"https:\/\/vitaplay.cl\/?p=3928#primaryimage"},"thumbnailUrl":"https:\/\/vitaplay.cl\/wp-content\/uploads\/2022\/02\/Inclusio\u0301n-Social.jpg","datePublished":"2022-04-05T21:29:09+00:00","dateModified":"2022-05-24T01:46:05+00:00","author":{"@id":""},"description":"La inclusi\u00f3n social es un beneficio de todos y para todos, que consiste en valorar al ser humano sin importar su condici\u00f3n.","breadcrumb":{"@id":"https:\/\/vitaplay.cl\/?p=3928#breadcrumb"},"inLanguage":"es","potentialAction":[{"@type":"ReadAction","target":["https:\/\/vitaplay.cl\/?p=3928"]}]},{"@type":"ImageObject","inLanguage":"es","@id":"https:\/\/vitaplay.cl\/?p=3928#primaryimage","url":"https:\/\/vitaplay.cl\/wp-content\/uploads\/2022\/02\/Inclusio\u0301n-Social.jpg","contentUrl":"https:\/\/vitaplay.cl\/wp-content\/uploads\/2022\/02\/Inclusio\u0301n-Social.jpg","width":1596,"height":1058,"caption":"Inclusio\u0301n Social"},{"@type":"BreadcrumbList","@id":"https:\/\/vitaplay.cl\/?p=3928#breadcrumb","itemListElement":[{"@type":"ListItem","position":1,"name":"Portada","item":"https:\/\/vitaplay.cl\/"},{"@type":"ListItem","position":2,"name":"\u00bfQu\u00e9 es Inclusi\u00f3n Social?"}]},{"@type":"WebSite","@id":"https:\/\/vitaplay.cl\/#website","url":"https:\/\/vitaplay.cl\/","name":"Corporaci\u00f3n Vitaplay","description":"Un mundo de aventuras","potentialAction":[{"@type":"SearchAction","target":{"@type":"EntryPoint","urlTemplate":"https:\/\/vitaplay.cl\/?s={search_term_string}"},"query-input":{"@type":"PropertyValueSpecification","valueRequired":true,"valueName":"search_term_string"}}],"inLanguage":"es"},{"@type":"Person","@id":"","url":"https:\/\/vitaplay.cl\/?author=2"}]}},"_links":{"self":[{"href":"https:\/\/vitaplay.cl\/index.php?rest_route=\/wp\/v2\/posts\/3928","targetHints":{"allow":["GET"]}}],"collection":[{"href":"https:\/\/vitaplay.cl\/index.php?rest_route=\/wp\/v2\/posts"}],"about":[{"href":"https:\/\/vitaplay.cl\/index.php?rest_route=\/wp\/v2\/types\/post"}],"author":[{"embeddable":true,"href":"https:\/\/vitaplay.cl\/index.php?rest_route=\/wp\/v2\/users\/2"}],"replies":[{"embeddable":true,"href":"https:\/\/vitaplay.cl\/index.php?rest_route=%2Fwp%2Fv2%2Fcomments&post=3928"}],"version-history":[{"count":15,"href":"https:\/\/vitaplay.cl\/index.php?rest_route=\/wp\/v2\/posts\/3928\/revisions"}],"predecessor-version":[{"id":4186,"href":"https:\/\/vitaplay.cl\/index.php?rest_route=\/wp\/v2\/posts\/3928\/revisions\/4186"}],"wp:featuredmedia":[{"embeddable":true,"href":"https:\/\/vitaplay.cl\/index.php?rest_route=\/wp\/v2\/media\/3934"}],"wp:attachment":[{"href":"https:\/\/vitaplay.cl\/index.php?rest_route=%2Fwp%2Fv2%2Fmedia&parent=3928"}],"wp:term":[{"taxonomy":"category","embeddable":true,"href":"https:\/\/vitaplay.cl\/index.php?rest_route=%2Fwp%2Fv2%2Fcategories&post=3928"},{"taxonomy":"post_tag","embeddable":true,"href":"https:\/\/vitaplay.cl\/index.php?rest_route=%2Fwp%2Fv2%2Ftags&post=3928"}],"curies":[{"name":"wp","href":"https:\/\/api.w.org\/{rel}","templated":true}]}}