{"id":3852,"date":"2021-11-20T20:59:38","date_gmt":"2021-11-20T20:59:38","guid":{"rendered":"https:\/\/vitaplay.cl\/?p=3852"},"modified":"2021-12-21T02:44:06","modified_gmt":"2021-12-21T02:44:06","slug":"dia-de-los-derechos-del-nino-20-de-noviembre","status":"publish","type":"post","link":"https:\/\/vitaplay.cl\/?p=3852","title":{"rendered":"D\u00eda de los Derechos del Ni\u00f1o &#8211; 20 de Noviembre"},"content":{"rendered":"[et_pb_section fb_built=\u00bb1&#8243; _builder_version=\u00bb4.9.4&#8243; _module_preset=\u00bbdefault\u00bb global_colors_info=\u00bb{}\u00bb][et_pb_row _builder_version=\u00bb4.9.4&#8243; _module_preset=\u00bbdefault\u00bb global_colors_info=\u00bb{}\u00bb][et_pb_column type=\u00bb4_4&#8243; _builder_version=\u00bb4.9.4&#8243; _module_preset=\u00bbdefault\u00bb global_colors_info=\u00bb{}\u00bb][et_pb_text content_tablet=\u00bb\u00bb content_phone=\u00bb\u00bb content_last_edited=\u00bbon|desktop\u00bb admin_label=\u00bbIntroducci\u00f3n\u00bb _builder_version=\u00bb4.14.4&#8243; _module_preset=\u00bbdefault\u00bb global_colors_info=\u00bb{}\u00bb]\n<div class=\"bbc-19j92fr e57qer20\" dir=\"ltr\">\n<h3 class=\"bbc-bm53ic e1cc2ql70\" dir=\"ltr\" style=\"text-align: center;\">El D\u00eda Universal del Ni\u00f1o nos ofrece la oportunidad para comprometernos cada a\u00f1o a proteger los derechos de cada ni\u00f1o.<\/h3>\n<\/div>\n<p>&nbsp;<\/p>\n<p><img loading=\"lazy\" decoding=\"async\" class=\"wp-image-3858 aligncenter\" src=\"https:\/\/vitaplay.cl\/wp-content\/uploads\/2021\/12\/Derechos_del_Nin\u0303o-300x222.jpg\" alt=\"Derechos del Nin\u0303o\" width=\"489\" height=\"362\" srcset=\"https:\/\/vitaplay.cl\/wp-content\/uploads\/2021\/12\/Derechos_del_Nin\u0303o-300x222.jpg 300w, https:\/\/vitaplay.cl\/wp-content\/uploads\/2021\/12\/Derechos_del_Nin\u0303o-1024x758.jpg 1024w, https:\/\/vitaplay.cl\/wp-content\/uploads\/2021\/12\/Derechos_del_Nin\u0303o-768x569.jpg 768w, https:\/\/vitaplay.cl\/wp-content\/uploads\/2021\/12\/Derechos_del_Nin\u0303o-1080x800.jpg 1080w, https:\/\/vitaplay.cl\/wp-content\/uploads\/2021\/12\/Derechos_del_Nin\u0303o-1280x948.jpg 1280w, https:\/\/vitaplay.cl\/wp-content\/uploads\/2021\/12\/Derechos_del_Nin\u0303o-980x726.jpg 980w, https:\/\/vitaplay.cl\/wp-content\/uploads\/2021\/12\/Derechos_del_Nin\u0303o-480x355.jpg 480w, https:\/\/vitaplay.cl\/wp-content\/uploads\/2021\/12\/Derechos_del_Nin\u0303o.jpg 1394w\" sizes=\"(max-width: 489px) 100vw, 489px\" \/><\/p>\n<p style=\"text-align: center;\"><em style=\"text-align: center;\">Fotograf\u00eda<\/em><span style=\"text-align: center;\">:\u00a0 <\/span><a href=\"https:\/\/www.pexels.com\/@ajaybhargavguduru\">Guduru Ajay<\/a><\/p>\n<p>&nbsp;<\/p>\n[\/et_pb_text][\/et_pb_column][\/et_pb_row][et_pb_row admin_label=\u00bbFila\u00bb _builder_version=\u00bb4.9.4&#8243; _module_preset=\u00bbdefault\u00bb global_colors_info=\u00bb{}\u00bb][et_pb_column type=\u00bb4_4&#8243; _builder_version=\u00bb4.9.4&#8243; _module_preset=\u00bbdefault\u00bb global_colors_info=\u00bb{}\u00bb][et_pb_text admin_label=\u00bbTexto1&#8243; _builder_version=\u00bb4.14.4&#8243; _module_preset=\u00bbdefault\u00bb hover_enabled=\u00bb0&#8243; global_colors_info=\u00bb{}\u00bb sticky_enabled=\u00bb0&#8243;]\n<p>En Europa, la Segunda Guerra Mundial afect\u00f3 dr\u00e1sticamente a la infancia, dej\u00e1ndola en condiciones muy precarias. A ra\u00edz de esta situaci\u00f3n, se form\u00f3 una nueva agencia de las Naciones Unidas, con el objetivo de proporcionar a estos ni\u00f1os comida, ropa y asistencia sanitaria. A partir de 1953, la UNICEF pas\u00f3 a ser una organizaci\u00f3n permanente dentro de la ONU y actualmente se encuentra presente en m\u00e1s de 190 pa\u00edses y territorios para ayudar a los ni\u00f1os, concentrando sus esfuerzos especialmente en aqu\u00e9llos m\u00e1s vulnerables y excluidos.<\/p>\n<p><span lang=\"ES\" xml:lang=\"ES\">En 1954, la Asamblea General de Naciones Unidas propuso la instituci\u00f3n de <\/span>un\u00a0D\u00eda Universal del Ni\u00f1o<span lang=\"ES\" xml:lang=\"ES\"> en todos los pa\u00edses, con e<\/span><span lang=\"ES\" xml:lang=\"ES\">l objetivo de recordar a la ciudadan\u00eda que los ni\u00f1os son el colectivo m\u00e1s vulnerable y, por tanto, quienes m\u00e1s sufren las crisis y problemas mundiales.<\/span><\/p>\n<p><span lang=\"ES\" xml:lang=\"ES\">Luego de diez a\u00f1os negociando con los gobiernos de todo el mundo, con ONG y l\u00edderes religiosos, <\/span>la Asamblea General de la ONU aprob\u00f3 la Declaraci\u00f3n de los Derechos del Ni\u00f1o el a\u00f1o 1959. Posteriormente, en 1989 se acord\u00f3 el\u00a0<span lang=\"ES\" xml:lang=\"ES\">texto final de la\u00a0<\/span><span lang=\"ES\" xml:lang=\"ES\">Convenci\u00f3n sobre los Derechos del Ni\u00f1o. <\/span>E<span lang=\"ES\" xml:lang=\"ES\">l D\u00eda Universal del Ni\u00f1o se celebra cada 20 de noviembre, en conmemoraci\u00f3n del aniversario de ambos eventos.<\/span><\/p>\n<p>En la Convenci\u00f3n, los Estados Partes que firmaron se comprometieron a garantizar la protecci\u00f3n del ni\u00f1o contra todo tipo de discriminaci\u00f3n o castigo por causa de la condici\u00f3n, las actividades, las opiniones expresadas o las creencias de sus padres, sus tutores o familiares.<\/p>\n<p><span lang=\"ES\" xml:lang=\"ES\">M\u00e1s tarde,\u00a0<\/span>durante la Cumbre del Milenio (en septiembre del a\u00f1o 2000), los l\u00edderes mundiales elaboraron los ocho \u00abObjetivos de Desarrollo del Milenio\u00bb (ODM):<\/p>\n<p>&nbsp;<\/p>\n<div class=\"bbc-19j92fr e57qer20\" dir=\"ltr\">\n<ul>\n<li><span lang=\"ES\" xml:lang=\"ES\">ODM 1: Erradicar la pobreza extrema y el hambre.<\/span><\/li>\n<li><span lang=\"ES\" xml:lang=\"ES\">ODM 2: Lograr la ense\u00f1anza primaria universal.<\/span><\/li>\n<li><span lang=\"ES\" xml:lang=\"ES\">ODM 3: Promover la igualdad entre los g\u00e9neros y la autonom\u00eda de la mujer.<\/span><\/li>\n<li><span lang=\"ES\" xml:lang=\"ES\">ODM 4: Reducir la mortalidad infantil.<\/span><\/li>\n<li><span lang=\"ES\" xml:lang=\"ES\">ODM 5: Mejorar la salud materna.<\/span><\/li>\n<li><span lang=\"ES\" xml:lang=\"ES\">ODM 6: Combatir el VIH\/SIDA, el paludismo y otras enfermedades.<\/span><\/li>\n<li><span lang=\"ES\" xml:lang=\"ES\">ODM 7: Garantizar la sostenibilidad del medio ambiente.<\/span><\/li>\n<li><span lang=\"ES\" xml:lang=\"ES\">OMD 8: Fomentar una asociaci\u00f3n mundial para el desarrollo.<\/span><\/li>\n<\/ul>\n<p>&nbsp;<\/p>\n<p><span lang=\"ES\" xml:lang=\"ES\">La UNICEF asegura que seis de estos ocho objetivos incumben directamente a la infancia y, adem\u00e1s, la realizaci\u00f3n de los dos \u00faltimos mejorar\u00e1 fundamentalmente las vidas de los ni\u00f1os.<\/span><\/p>\n<p>&nbsp;<\/p>\n<\/div>\n[\/et_pb_text][et_pb_text admin_label=\u00bbTexto2&#8243; _builder_version=\u00bb4.14.4&#8243; _module_preset=\u00bbdefault\u00bb hover_enabled=\u00bb0&#8243; global_colors_info=\u00bb{}\u00bb sticky_enabled=\u00bb0&#8243;]\n<p>La pandemia de COVID-19 ha puesto en evidencia la desigualdad en los derechos de los ni\u00f1os. En este D\u00eda Mundial de los Derechos del Ni\u00f1o, es importante que pongamos atenci\u00f3n a sus necesidades y sus ideas. Nuestra labor como adultos debe enfocarse en temas cr\u00edticos como la educaci\u00f3n, la salud, el cambio clim\u00e1tico y la discriminaci\u00f3n, ya que son esenciales para el bienestar de su generaci\u00f3n y la construcci\u00f3n de un futuro mejor.<\/p>\n<p>Te invitamos a adoptar un rol activo en la defensa de los derechos de la infancia y a leer sobre este grupo de <a href=\"https:\/\/www.voicesofyouth.org\/es\/youthadvocates2021\">j\u00f3venes activistas de UNICEF<\/a>, para que conozcas nuevas ideas creativas para solucionar los problemas globales.<\/p>\n[\/et_pb_text][et_pb_text admin_label=\u00bbConclusi\u00f3n\u00bb _builder_version=\u00bb4.14.4&#8243; _module_preset=\u00bbdefault\u00bb hover_enabled=\u00bb0&#8243; global_colors_info=\u00bb{}\u00bb sticky_enabled=\u00bb0&#8243;]\n<h3>\u00a0<\/h3>\n<h3>Art\u00edculos Recomendados:<\/h3>\n<ul>\n<li><a href=\"https:\/\/vitaplay.cl\/programacion-neurolinguistica-en-el-manejo-del-estres\/\" rel=\"noopener\">Programaci\u00f3n Neuroling\u00fc\u00edstica en el Manejo del Estr\u00e9s<\/a><\/li>\n<li><a href=\"https:\/\/vitaplay.cl\/ayuda-a-tu-hijo-para-que-aprenda-a-escribir\/\" rel=\"noopener\">Ayuda a tu hijo para que aprenda a escribir<\/a><\/li>\n<li><a href=\"https:\/\/vitaplay.cl\/como-mejorar-nuestras-habilidades-sociales\/\" rel=\"noopener\">\u00bfC\u00f3mo mejorar nuestras habilidades sociales?<\/a><\/li>\n<\/ul>\n[\/et_pb_text][\/et_pb_column][\/et_pb_row][\/et_pb_section][et_pb_section fb_built=\u00bb1&#8243; _builder_version=\u00bb4.9.7&#8243; _module_preset=\u00bbdefault\u00bb global_colors_info=\u00bb{}\u00bb][et_pb_row _builder_version=\u00bb4.9.7&#8243; _module_preset=\u00bbdefault\u00bb global_colors_info=\u00bb{}\u00bb][et_pb_column type=\u00bb4_4&#8243; _builder_version=\u00bb4.9.7&#8243; _module_preset=\u00bbdefault\u00bb global_colors_info=\u00bb{}\u00bb][et_pb_text admin_label=\u00bbPi\u00e9 de P\u00e1gina\u00bb _builder_version=\u00bb4.9.7&#8243; _module_preset=\u00bbdefault\u00bb locked=\u00bboff\u00bb global_colors_info=\u00bb{}\u00bb]\n<p>&nbsp;<\/p>\n<h2>\u00a0<\/h2>\n<h2><img loading=\"lazy\" decoding=\"async\" class=\"wp-image-1986 size-medium aligncenter\" src=\"https:\/\/vitaplay.cl\/wp-content\/uploads\/2020\/11\/Jani-2-300x233.jpg\" alt=\"Jani 2\" width=\"300\" height=\"233\" \/><\/h2>\n<h2 style=\"text-align: center;\"><a href=\"https:\/\/www.linkedin.com\/in\/alesoprano\/\" target=\"_blank\" rel=\"noopener noreferrer\">Alejandra Jim\u00e9nez<\/a><\/h2>\n<p style=\"text-align: center;\"><strong>Mag\u00edster en Teor\u00edas de Aprendizaje de la Lengua Inglesa<\/strong><\/p>\n[\/et_pb_text][\/et_pb_column][\/et_pb_row][\/et_pb_section]\n","protected":false},"excerpt":{"rendered":"<p>El D\u00eda Mundial de los Derechos del Ni\u00f1o nos ofrece la oportunidad para comprometernos cada a\u00f1o a proteger los derechos de cada ni\u00f1o.<\/p>\n","protected":false},"author":2,"featured_media":3858,"comment_status":"closed","ping_status":"closed","sticky":false,"template":"","format":"standard","meta":{"_et_pb_use_builder":"on","_et_pb_old_content":"","_et_gb_content_width":"","footnotes":""},"categories":[16],"tags":[212,170,213],"class_list":["post-3852","post","type-post","status-publish","format-standard","has-post-thumbnail","hentry","category-blog","tag-derechos-del-nino","tag-onu","tag-unicef"],"yoast_head":"<!-- This site is optimized with the Yoast SEO plugin v26.6 - https:\/\/yoast.com\/wordpress\/plugins\/seo\/ -->\n<title>D\u00eda de los Derechos del Ni\u00f1o - 20 de Noviembre - Corporaci\u00f3n Vitaplay<\/title>\n<meta name=\"description\" content=\"El D\u00eda Mundial de los Derechos del Ni\u00f1o nos ofrece la oportunidad para comprometernos cada a\u00f1o a proteger los derechos de cada ni\u00f1o.\" \/>\n<meta name=\"robots\" content=\"index, follow, max-snippet:-1, max-image-preview:large, max-video-preview:-1\" \/>\n<link rel=\"canonical\" href=\"https:\/\/vitaplay.cl\/?p=3852\" \/>\n<meta property=\"og:locale\" content=\"es_ES\" \/>\n<meta property=\"og:type\" content=\"article\" \/>\n<meta property=\"og:title\" content=\"D\u00eda de los Derechos del Ni\u00f1o - 20 de Noviembre - Corporaci\u00f3n Vitaplay\" \/>\n<meta property=\"og:description\" content=\"El D\u00eda Mundial de los Derechos del Ni\u00f1o nos ofrece la oportunidad para comprometernos cada a\u00f1o a proteger los derechos de cada ni\u00f1o.\" \/>\n<meta property=\"og:url\" content=\"https:\/\/vitaplay.cl\/?p=3852\" \/>\n<meta property=\"og:site_name\" content=\"Corporaci\u00f3n Vitaplay\" \/>\n<meta property=\"article:published_time\" content=\"2021-11-20T20:59:38+00:00\" \/>\n<meta property=\"article:modified_time\" content=\"2021-12-21T02:44:06+00:00\" \/>\n<meta property=\"og:image\" content=\"https:\/\/vitaplay.cl\/wp-content\/uploads\/2021\/12\/Derechos_del_Nin\u0303o.jpg\" \/>\n\t<meta property=\"og:image:width\" content=\"1394\" \/>\n\t<meta property=\"og:image:height\" content=\"1032\" \/>\n\t<meta property=\"og:image:type\" content=\"image\/jpeg\" \/>\n<meta name=\"twitter:card\" content=\"summary_large_image\" \/>\n<meta name=\"twitter:label1\" content=\"Escrito por\" \/>\n\t<meta name=\"twitter:data1\" content=\"\" \/>\n<script type=\"application\/ld+json\" class=\"yoast-schema-graph\">{\"@context\":\"https:\/\/schema.org\",\"@graph\":[{\"@type\":\"WebPage\",\"@id\":\"https:\/\/vitaplay.cl\/?p=3852\",\"url\":\"https:\/\/vitaplay.cl\/?p=3852\",\"name\":\"D\u00eda de los Derechos del Ni\u00f1o - 20 de Noviembre - Corporaci\u00f3n Vitaplay\",\"isPartOf\":{\"@id\":\"https:\/\/vitaplay.cl\/#website\"},\"primaryImageOfPage\":{\"@id\":\"https:\/\/vitaplay.cl\/?p=3852#primaryimage\"},\"image\":{\"@id\":\"https:\/\/vitaplay.cl\/?p=3852#primaryimage\"},\"thumbnailUrl\":\"https:\/\/vitaplay.cl\/wp-content\/uploads\/2021\/12\/Derechos_del_Nin\u0303o.jpg\",\"datePublished\":\"2021-11-20T20:59:38+00:00\",\"dateModified\":\"2021-12-21T02:44:06+00:00\",\"author\":{\"@id\":\"\"},\"description\":\"El D\u00eda Mundial de los Derechos del Ni\u00f1o nos ofrece la oportunidad para comprometernos cada a\u00f1o a proteger los derechos de cada ni\u00f1o.\",\"breadcrumb\":{\"@id\":\"https:\/\/vitaplay.cl\/?p=3852#breadcrumb\"},\"inLanguage\":\"es\",\"potentialAction\":[{\"@type\":\"ReadAction\",\"target\":[\"https:\/\/vitaplay.cl\/?p=3852\"]}]},{\"@type\":\"ImageObject\",\"inLanguage\":\"es\",\"@id\":\"https:\/\/vitaplay.cl\/?p=3852#primaryimage\",\"url\":\"https:\/\/vitaplay.cl\/wp-content\/uploads\/2021\/12\/Derechos_del_Nin\u0303o.jpg\",\"contentUrl\":\"https:\/\/vitaplay.cl\/wp-content\/uploads\/2021\/12\/Derechos_del_Nin\u0303o.jpg\",\"width\":1394,\"height\":1032,\"caption\":\"Derechos del Nin\u0303o\"},{\"@type\":\"BreadcrumbList\",\"@id\":\"https:\/\/vitaplay.cl\/?p=3852#breadcrumb\",\"itemListElement\":[{\"@type\":\"ListItem\",\"position\":1,\"name\":\"Portada\",\"item\":\"https:\/\/vitaplay.cl\/\"},{\"@type\":\"ListItem\",\"position\":2,\"name\":\"D\u00eda de los Derechos del Ni\u00f1o &#8211; 20 de Noviembre\"}]},{\"@type\":\"WebSite\",\"@id\":\"https:\/\/vitaplay.cl\/#website\",\"url\":\"https:\/\/vitaplay.cl\/\",\"name\":\"Corporaci\u00f3n Vitaplay\",\"description\":\"Un mundo de aventuras\",\"potentialAction\":[{\"@type\":\"SearchAction\",\"target\":{\"@type\":\"EntryPoint\",\"urlTemplate\":\"https:\/\/vitaplay.cl\/?s={search_term_string}\"},\"query-input\":{\"@type\":\"PropertyValueSpecification\",\"valueRequired\":true,\"valueName\":\"search_term_string\"}}],\"inLanguage\":\"es\"},{\"@type\":\"Person\",\"@id\":\"\",\"url\":\"https:\/\/vitaplay.cl\/?author=2\"}]}<\/script>\n<!-- \/ Yoast SEO plugin. -->","yoast_head_json":{"title":"D\u00eda de los Derechos del Ni\u00f1o - 20 de Noviembre - Corporaci\u00f3n Vitaplay","description":"El D\u00eda Mundial de los Derechos del Ni\u00f1o nos ofrece la oportunidad para comprometernos cada a\u00f1o a proteger los derechos de cada ni\u00f1o.","robots":{"index":"index","follow":"follow","max-snippet":"max-snippet:-1","max-image-preview":"max-image-preview:large","max-video-preview":"max-video-preview:-1"},"canonical":"https:\/\/vitaplay.cl\/?p=3852","og_locale":"es_ES","og_type":"article","og_title":"D\u00eda de los Derechos del Ni\u00f1o - 20 de Noviembre - Corporaci\u00f3n Vitaplay","og_description":"El D\u00eda Mundial de los Derechos del Ni\u00f1o nos ofrece la oportunidad para comprometernos cada a\u00f1o a proteger los derechos de cada ni\u00f1o.","og_url":"https:\/\/vitaplay.cl\/?p=3852","og_site_name":"Corporaci\u00f3n Vitaplay","article_published_time":"2021-11-20T20:59:38+00:00","article_modified_time":"2021-12-21T02:44:06+00:00","og_image":[{"width":1394,"height":1032,"url":"https:\/\/vitaplay.cl\/wp-content\/uploads\/2021\/12\/Derechos_del_Nin\u0303o.jpg","type":"image\/jpeg"}],"twitter_card":"summary_large_image","twitter_misc":{"Escrito por":""},"schema":{"@context":"https:\/\/schema.org","@graph":[{"@type":"WebPage","@id":"https:\/\/vitaplay.cl\/?p=3852","url":"https:\/\/vitaplay.cl\/?p=3852","name":"D\u00eda de los Derechos del Ni\u00f1o - 20 de Noviembre - Corporaci\u00f3n Vitaplay","isPartOf":{"@id":"https:\/\/vitaplay.cl\/#website"},"primaryImageOfPage":{"@id":"https:\/\/vitaplay.cl\/?p=3852#primaryimage"},"image":{"@id":"https:\/\/vitaplay.cl\/?p=3852#primaryimage"},"thumbnailUrl":"https:\/\/vitaplay.cl\/wp-content\/uploads\/2021\/12\/Derechos_del_Nin\u0303o.jpg","datePublished":"2021-11-20T20:59:38+00:00","dateModified":"2021-12-21T02:44:06+00:00","author":{"@id":""},"description":"El D\u00eda Mundial de los Derechos del Ni\u00f1o nos ofrece la oportunidad para comprometernos cada a\u00f1o a proteger los derechos de cada ni\u00f1o.","breadcrumb":{"@id":"https:\/\/vitaplay.cl\/?p=3852#breadcrumb"},"inLanguage":"es","potentialAction":[{"@type":"ReadAction","target":["https:\/\/vitaplay.cl\/?p=3852"]}]},{"@type":"ImageObject","inLanguage":"es","@id":"https:\/\/vitaplay.cl\/?p=3852#primaryimage","url":"https:\/\/vitaplay.cl\/wp-content\/uploads\/2021\/12\/Derechos_del_Nin\u0303o.jpg","contentUrl":"https:\/\/vitaplay.cl\/wp-content\/uploads\/2021\/12\/Derechos_del_Nin\u0303o.jpg","width":1394,"height":1032,"caption":"Derechos del Nin\u0303o"},{"@type":"BreadcrumbList","@id":"https:\/\/vitaplay.cl\/?p=3852#breadcrumb","itemListElement":[{"@type":"ListItem","position":1,"name":"Portada","item":"https:\/\/vitaplay.cl\/"},{"@type":"ListItem","position":2,"name":"D\u00eda de los Derechos del Ni\u00f1o &#8211; 20 de Noviembre"}]},{"@type":"WebSite","@id":"https:\/\/vitaplay.cl\/#website","url":"https:\/\/vitaplay.cl\/","name":"Corporaci\u00f3n Vitaplay","description":"Un mundo de aventuras","potentialAction":[{"@type":"SearchAction","target":{"@type":"EntryPoint","urlTemplate":"https:\/\/vitaplay.cl\/?s={search_term_string}"},"query-input":{"@type":"PropertyValueSpecification","valueRequired":true,"valueName":"search_term_string"}}],"inLanguage":"es"},{"@type":"Person","@id":"","url":"https:\/\/vitaplay.cl\/?author=2"}]}},"_links":{"self":[{"href":"https:\/\/vitaplay.cl\/index.php?rest_route=\/wp\/v2\/posts\/3852","targetHints":{"allow":["GET"]}}],"collection":[{"href":"https:\/\/vitaplay.cl\/index.php?rest_route=\/wp\/v2\/posts"}],"about":[{"href":"https:\/\/vitaplay.cl\/index.php?rest_route=\/wp\/v2\/types\/post"}],"author":[{"embeddable":true,"href":"https:\/\/vitaplay.cl\/index.php?rest_route=\/wp\/v2\/users\/2"}],"replies":[{"embeddable":true,"href":"https:\/\/vitaplay.cl\/index.php?rest_route=%2Fwp%2Fv2%2Fcomments&post=3852"}],"version-history":[{"count":17,"href":"https:\/\/vitaplay.cl\/index.php?rest_route=\/wp\/v2\/posts\/3852\/revisions"}],"predecessor-version":[{"id":3883,"href":"https:\/\/vitaplay.cl\/index.php?rest_route=\/wp\/v2\/posts\/3852\/revisions\/3883"}],"wp:featuredmedia":[{"embeddable":true,"href":"https:\/\/vitaplay.cl\/index.php?rest_route=\/wp\/v2\/media\/3858"}],"wp:attachment":[{"href":"https:\/\/vitaplay.cl\/index.php?rest_route=%2Fwp%2Fv2%2Fmedia&parent=3852"}],"wp:term":[{"taxonomy":"category","embeddable":true,"href":"https:\/\/vitaplay.cl\/index.php?rest_route=%2Fwp%2Fv2%2Fcategories&post=3852"},{"taxonomy":"post_tag","embeddable":true,"href":"https:\/\/vitaplay.cl\/index.php?rest_route=%2Fwp%2Fv2%2Ftags&post=3852"}],"curies":[{"name":"wp","href":"https:\/\/api.w.org\/{rel}","templated":true}]}}