{"id":3588,"date":"2021-09-13T23:57:03","date_gmt":"2021-09-13T23:57:03","guid":{"rendered":"https:\/\/vitaplay.cl\/?p=3588"},"modified":"2021-10-12T02:27:32","modified_gmt":"2021-10-12T02:27:32","slug":"dia-internacional-de-la-democracia","status":"publish","type":"post","link":"https:\/\/vitaplay.cl\/?p=3588","title":{"rendered":"D\u00eda Internacional de la Democracia"},"content":{"rendered":"[et_pb_section fb_built=\u00bb1&#8243; _builder_version=\u00bb4.9.4&#8243; _module_preset=\u00bbdefault\u00bb global_colors_info=\u00bb{}\u00bb][et_pb_row _builder_version=\u00bb4.9.4&#8243; _module_preset=\u00bbdefault\u00bb global_colors_info=\u00bb{}\u00bb][et_pb_column type=\u00bb4_4&#8243; _builder_version=\u00bb4.9.4&#8243; _module_preset=\u00bbdefault\u00bb global_colors_info=\u00bb{}\u00bb][et_pb_text content_tablet=\u00bb\u00bb content_phone=\u00bb\u00bb content_last_edited=\u00bbon|desktop\u00bb admin_label=\u00bbIntroducci\u00f3n\u00bb _builder_version=\u00bb4.11.1&#8243; _module_preset=\u00bbdefault\u00bb global_colors_info=\u00bb{}\u00bb]\n<p>&nbsp;<\/p>\n<p>El\u00a08 de noviembre\u00a0de\u00a02007, la\u00a0<a title=\"Asamblea General de las Naciones Unidas\" href=\"https:\/\/es.wikipedia.org\/wiki\/Asamblea_General_de_las_Naciones_Unidas\">Asamblea General de las Naciones Unidas<\/a> decidi\u00f3 observar el D\u00eda Internacional de la Democracia cada 15 de septiembre, como una oportunidad para examinar el estado de la democracia en todo el mundo.<\/p>\n<p>La democracia es un proceso y tambi\u00e9n una meta, que s\u00f3lo se logra con la participaci\u00f3n plena de la comunidad internacional, incluyendo los gobiernos, la sociedad civil y cada individuo. El objetivo principal de la democracia es proporcionar un entorno natural que brinde protecci\u00f3n de los derechos humanos.<\/p>\n<div class=\"paragraphs-items paragraphs-items-field-comm-description paragraphs-items-field-comm-description-full paragraphs-items-full\">\n<div class=\"field field-name-field-comm-description field-type-paragraphs field-label-hidden\">\n<div class=\"field-items\">\n<div class=\"field-item even\">\n<div id=\"content--64639\" class=\"entity entity-paragraphs-item paragraphs-item-paragraph-text\">\n<div class=\"content\">\n<div class=\"field field-name-field-body field-type-text-long field-label-hidden\">\n<div class=\"field-items\">\n<div class=\"field-item even\">\n<p>La libertad, el respeto por los derechos humanos y el principio de la celebraci\u00f3n de elecciones peri\u00f3dicas y aut\u00e9nticas por sufragio universal, son fundamentales para la democracia.<\/p>\n<p>La UNESCO, desde su fundaci\u00f3n, ha contribuido en la construcci\u00f3n de la democracia y su consolidaci\u00f3n, apoyando el desarrollo de instituciones democr\u00e1ticas en todo el mundo, especialmente en tiempos de transici\u00f3n en la historia contempor\u00e1nea.<\/p>\n<p>La Organizaci\u00f3n promueve las aspiraciones de todas las personas, para que luchen por los valores universales como la libertad, el respeto por los derechos humanos, la tolerancia, el pluralismo y el di\u00e1logo.<\/p>\n<\/div>\n<\/div>\n<\/div>\n<\/div>\n<\/div>\n<\/div>\n<\/div>\n<\/div>\n<\/div>\n<div class=\"paragraphs-items paragraphs-items-field-comm-body paragraphs-items-field-comm-body-full paragraphs-items-full\">\n<div class=\"field field-name-field-comm-body field-type-paragraphs field-label-hidden\">\n<div class=\"field-items\">\n<div class=\"field-item even\">\n<div id=\"content--64635\" class=\"entity entity-paragraphs-item paragraphs-item-paragraph-media-link\">\n<div class=\"content\">\n<div class=\"paragraphs-items paragraphs-items-field-link-image paragraphs-items-field-link-image-full paragraphs-items-full\">\n<div class=\"field field-name-field-link-image field-type-paragraphs field-label-hidden\">\n<div class=\"field-items\">\n<div class=\"field-item even\">\n<div id=\"content--64631\" class=\"entity entity-paragraphs-item paragraphs-item-paragraph-link-image\">\n<div class=\"content\">\n<div class=\"field field-name-field-image field-type-image field-label-hidden\">\n<div class=\"field-items\">\u00a0<\/div>\n<\/div>\n<\/div>\n<\/div>\n<\/div>\n<\/div>\n<\/div>\n<\/div>\n<\/div>\n<\/div>\n<\/div>\n<\/div>\n<\/div>\n<\/div>\n<p><img loading=\"lazy\" decoding=\"async\" class=\"wp-image-3597  aligncenter\" src=\"https:\/\/vitaplay.cl\/wp-content\/uploads\/2021\/10\/Democracia-300x203.jpg\" alt=\"Democracia\" width=\"517\" height=\"350\" \/><\/p>\n<p style=\"text-align: center;\"><em style=\"text-align: center;\">Fotograf\u00eda<\/em><span style=\"text-align: center;\">:\u00a0 <\/span><a style=\"text-align: center;\" href=\"https:\/\/www.pexels.com\/@mikhail-nilov\">Mikhail Nilov<\/a><\/p>\n[\/et_pb_text][\/et_pb_column][\/et_pb_row][et_pb_row admin_label=\u00bbFila\u00bb _builder_version=\u00bb4.9.4&#8243; _module_preset=\u00bbdefault\u00bb global_colors_info=\u00bb{}\u00bb][et_pb_column type=\u00bb4_4&#8243; _builder_version=\u00bb4.9.4&#8243; _module_preset=\u00bbdefault\u00bb global_colors_info=\u00bb{}\u00bb][et_pb_text admin_label=\u00bbTema 2021&#8243; _builder_version=\u00bb4.11.1&#8243; _module_preset=\u00bbdefault\u00bb global_colors_info=\u00bb{}\u00bb]\n<p>&nbsp;<\/p>\n<h3>D\u00eda Internacional de la Democracia 2021: Fortalecer la resiliencia democr\u00e1tica para afrontar futuras crisis.<\/h3>\n<p>&nbsp;<\/p>\n<p>Este a\u00f1o, 2021, el tema del D\u00eda Internacional de la Democracia es \u00abFortalecer la resiliencia democr\u00e1tica para afrontar futuras crisis\u00bb.<\/p>\n<p>La crisis causada por el COVID-19 ha tra\u00eddo grandes desaf\u00edos en el mundo, a nivel social, pol\u00edtico y legal. Mientras cada pa\u00eds intenta enfrentar la crisis adoptando nuevas medidas de emergencia, es importante que contin\u00faen protegiendo el estado de derecho, respetando las normas internacionales y los principios b\u00e1sicos de legalidad, adem\u00e1s del derecho de acceso a recursos, justicia y procesos.<\/p>\n<p>Las organizaciones de la sociedad civil en el mundo, en respuesta al llamado de la ONU, se concentran este a\u00f1o en enfrentar y contrarrestar los efectos de la crisis del COVID-19, poniendo especial enfoque en aquellos temas que pueden ayudar a evitar el autoritarismo y conservar la democracia, como por ejemplo:<\/p>\n<ul>\n<li>Desarrollo de la alfabetizaci\u00f3n medi\u00e1tica y de seguridad digital.<\/li>\n<li>Lucha contra la desinformaci\u00f3n y el discurso de odio; aspectos que han aumentado considerablemente durante la crisis.<\/li>\n<li>Capacitaci\u00f3n remota a periodistas, para que entreguen informaci\u00f3n con una cobertura profunda y real acerca del impacto de la pandemia, y al mismo tiempo se mantengan primera l\u00ednea de forma segura.<\/li>\n<li>Empoderar a las mujeres en contra de la violencia de g\u00e9nero; situaci\u00f3n que ha tenido un lamentable crecimiento durante las cuarentenas y presiones sociales y econ\u00f3micas por la pandemia.<\/li>\n<li>Los desaf\u00edos de la desigualdad y la prestaci\u00f3n deficiente de los servicios agravados por la crisis deben ser de conocimiento p\u00fablico, enfoc\u00e1ndose espec\u00edficamente en los derechos y las necesidades de las minor\u00edas, las mujeres y los j\u00f3venes, para obtener soluciones de parte de los gobiernos.<\/li>\n<\/ul>\n<p>&nbsp;<\/p>\n[\/et_pb_text][et_pb_text admin_label=\u00bbConclusi\u00f3n\u00bb _builder_version=\u00bb4.11.1&#8243; _module_preset=\u00bbdefault\u00bb global_colors_info=\u00bb{}\u00bb]\n<p style=\"text-align: center;\"><strong>\u00abLa mejor respuesta es aqu\u00e9lla que responde proporcionalmente a las amenazas inmediatas, mientras protege los derechos humanos y el estado de derecho\u00bb,\u00a0<\/strong><strong>Ant\u00f3nio Guterres, <\/strong><strong>Secretario General de la ONU.<\/strong><\/p>\n<p style=\"text-align: center;\"><strong>\u00abLa voluntad de la poblaci\u00f3n debe constituir la base de la autoridad de gobierno; ello se expresar\u00e1 en elecciones peri\u00f3dicas y genuinas que ser\u00e1n mediante sufragio universal e igual y se celebrar\u00e1n por voto secreto o por procedimientos de votaci\u00f3n libres equivalentes\u00bb, Declaraci\u00f3n Universal de Derechos Humanos.<\/strong><\/p>\n<p>&nbsp;<\/p>\n<p>&nbsp;<\/p>\n<h3>Art\u00edculos Recomendados:<\/h3>\n<ul>\n<li><a href=\"https:\/\/vitaplay.cl\/dia-de-los-derechos-humanos-los-principios-de-igualdad-y-la-no-discriminacion\/\" target=\"_blank\" rel=\"noopener\">D\u00eda de los Derechos Humanos, la Igualdad y la No Discriminaci\u00f3n<\/a><\/li>\n<li><a href=\"https:\/\/vitaplay.cl\/ensena-a-tus-ninos-a-ser-tolerantes-con-estas-10-actividades\/\" rel=\"noopener\">Ense\u00f1a a tus ni\u00f1os a ser tolerantes con estas 10 actividades<\/a><\/li>\n<li><a href=\"https:\/\/vitaplay.cl\/dia-internacional-de-la-mujer-indigena\/\" rel=\"noopener\">D\u00eda Internacional de la Mujer Ind\u00edgena<\/a><\/li>\n<\/ul>\n[\/et_pb_text][\/et_pb_column][\/et_pb_row][\/et_pb_section][et_pb_section fb_built=\u00bb1&#8243; _builder_version=\u00bb4.9.7&#8243; _module_preset=\u00bbdefault\u00bb global_colors_info=\u00bb{}\u00bb][et_pb_row _builder_version=\u00bb4.9.7&#8243; _module_preset=\u00bbdefault\u00bb global_colors_info=\u00bb{}\u00bb][et_pb_column type=\u00bb4_4&#8243; _builder_version=\u00bb4.9.7&#8243; _module_preset=\u00bbdefault\u00bb global_colors_info=\u00bb{}\u00bb][et_pb_text admin_label=\u00bbPi\u00e9 de P\u00e1gina\u00bb _builder_version=\u00bb4.9.7&#8243; _module_preset=\u00bbdefault\u00bb locked=\u00bboff\u00bb global_colors_info=\u00bb{}\u00bb]\n<p>&nbsp;<\/p>\n<h2>\u00a0<\/h2>\n<h2><img loading=\"lazy\" decoding=\"async\" class=\"wp-image-1986 size-medium aligncenter\" src=\"https:\/\/vitaplay.cl\/wp-content\/uploads\/2020\/11\/Jani-2-300x233.jpg\" alt=\"Jani 2\" width=\"300\" height=\"233\" \/><\/h2>\n<h2 style=\"text-align: center;\"><a href=\"https:\/\/www.linkedin.com\/in\/alesoprano\/\" target=\"_blank\" rel=\"noopener noreferrer\">Alejandra Jim\u00e9nez<\/a><\/h2>\n<p style=\"text-align: center;\"><strong>Mag\u00edster en Teor\u00edas de Aprendizaje de la Lengua Inglesa<\/strong><\/p>\n[\/et_pb_text][\/et_pb_column][\/et_pb_row][\/et_pb_section]\n","protected":false},"excerpt":{"rendered":"<p>El 15 de septiembre se observa el D\u00eda Internacional de la Democracia, fecha en que se examina el estado de la democracia en todo el mundo.<\/p>\n","protected":false},"author":2,"featured_media":3597,"comment_status":"closed","ping_status":"closed","sticky":false,"template":"","format":"standard","meta":{"_et_pb_use_builder":"on","_et_pb_old_content":"","_et_gb_content_width":"","footnotes":""},"categories":[16],"tags":[188,189,186],"class_list":["post-3588","post","type-post","status-publish","format-standard","has-post-thumbnail","hentry","category-blog","tag-democracia","tag-dia-internacional","tag-dia-mundial"],"yoast_head":"<!-- This site is optimized with the Yoast SEO plugin v26.6 - https:\/\/yoast.com\/wordpress\/plugins\/seo\/ -->\n<title>D\u00eda Internacional de la Democracia - Corporaci\u00f3n Vitaplay<\/title>\n<meta name=\"description\" content=\"El 15 de septiembre se observa el D\u00eda Internacional de la Democracia, fecha en que se examina el estado de la democracia en todo el mundo.\" \/>\n<meta name=\"robots\" content=\"index, follow, max-snippet:-1, max-image-preview:large, max-video-preview:-1\" \/>\n<link rel=\"canonical\" href=\"https:\/\/vitaplay.cl\/?p=3588\" \/>\n<meta property=\"og:locale\" content=\"es_ES\" \/>\n<meta property=\"og:type\" content=\"article\" \/>\n<meta property=\"og:title\" content=\"D\u00eda Internacional de la Democracia Corporaci\u00f3n Vitaplay\" \/>\n<meta property=\"og:description\" content=\"El 15 de septiembre se observa el D\u00eda Internacional de la Democracia, fecha en que se examina el estado de la democracia en todo el mundo.\" \/>\n<meta property=\"og:url\" content=\"https:\/\/vitaplay.cl\/?p=3588\" \/>\n<meta property=\"og:site_name\" content=\"Corporaci\u00f3n Vitaplay\" \/>\n<meta property=\"article:published_time\" content=\"2021-09-13T23:57:03+00:00\" \/>\n<meta property=\"article:modified_time\" content=\"2021-10-12T02:27:32+00:00\" \/>\n<meta property=\"og:image\" content=\"https:\/\/vitaplay.cl\/wp-content\/uploads\/2021\/10\/Democracia.jpg\" \/>\n\t<meta property=\"og:image:width\" content=\"1100\" \/>\n\t<meta property=\"og:image:height\" content=\"744\" \/>\n\t<meta property=\"og:image:type\" content=\"image\/jpeg\" \/>\n<meta name=\"twitter:card\" content=\"summary_large_image\" \/>\n<meta name=\"twitter:title\" content=\"Aprende a ser carism\u00e1tico con estos 10 consejos\" \/>\n<meta name=\"twitter:label1\" content=\"Escrito por\" \/>\n\t<meta name=\"twitter:data1\" content=\"\" \/>\n<script type=\"application\/ld+json\" class=\"yoast-schema-graph\">{\"@context\":\"https:\/\/schema.org\",\"@graph\":[{\"@type\":\"WebPage\",\"@id\":\"https:\/\/vitaplay.cl\/?p=3588\",\"url\":\"https:\/\/vitaplay.cl\/?p=3588\",\"name\":\"D\u00eda Internacional de la Democracia - Corporaci\u00f3n Vitaplay\",\"isPartOf\":{\"@id\":\"https:\/\/vitaplay.cl\/#website\"},\"primaryImageOfPage\":{\"@id\":\"https:\/\/vitaplay.cl\/?p=3588#primaryimage\"},\"image\":{\"@id\":\"https:\/\/vitaplay.cl\/?p=3588#primaryimage\"},\"thumbnailUrl\":\"https:\/\/vitaplay.cl\/wp-content\/uploads\/2021\/10\/Democracia.jpg\",\"datePublished\":\"2021-09-13T23:57:03+00:00\",\"dateModified\":\"2021-10-12T02:27:32+00:00\",\"author\":{\"@id\":\"\"},\"description\":\"El 15 de septiembre se observa el D\u00eda Internacional de la Democracia, fecha en que se examina el estado de la democracia en todo el mundo.\",\"breadcrumb\":{\"@id\":\"https:\/\/vitaplay.cl\/?p=3588#breadcrumb\"},\"inLanguage\":\"es\",\"potentialAction\":[{\"@type\":\"ReadAction\",\"target\":[\"https:\/\/vitaplay.cl\/?p=3588\"]}]},{\"@type\":\"ImageObject\",\"inLanguage\":\"es\",\"@id\":\"https:\/\/vitaplay.cl\/?p=3588#primaryimage\",\"url\":\"https:\/\/vitaplay.cl\/wp-content\/uploads\/2021\/10\/Democracia.jpg\",\"contentUrl\":\"https:\/\/vitaplay.cl\/wp-content\/uploads\/2021\/10\/Democracia.jpg\",\"width\":1100,\"height\":744,\"caption\":\"Democracia\"},{\"@type\":\"BreadcrumbList\",\"@id\":\"https:\/\/vitaplay.cl\/?p=3588#breadcrumb\",\"itemListElement\":[{\"@type\":\"ListItem\",\"position\":1,\"name\":\"Portada\",\"item\":\"https:\/\/vitaplay.cl\/\"},{\"@type\":\"ListItem\",\"position\":2,\"name\":\"D\u00eda Internacional de la Democracia\"}]},{\"@type\":\"WebSite\",\"@id\":\"https:\/\/vitaplay.cl\/#website\",\"url\":\"https:\/\/vitaplay.cl\/\",\"name\":\"Corporaci\u00f3n Vitaplay\",\"description\":\"Un mundo de aventuras\",\"potentialAction\":[{\"@type\":\"SearchAction\",\"target\":{\"@type\":\"EntryPoint\",\"urlTemplate\":\"https:\/\/vitaplay.cl\/?s={search_term_string}\"},\"query-input\":{\"@type\":\"PropertyValueSpecification\",\"valueRequired\":true,\"valueName\":\"search_term_string\"}}],\"inLanguage\":\"es\"},{\"@type\":\"Person\",\"@id\":\"\",\"url\":\"https:\/\/vitaplay.cl\/?author=2\"}]}<\/script>\n<!-- \/ Yoast SEO plugin. -->","yoast_head_json":{"title":"D\u00eda Internacional de la Democracia - Corporaci\u00f3n Vitaplay","description":"El 15 de septiembre se observa el D\u00eda Internacional de la Democracia, fecha en que se examina el estado de la democracia en todo el mundo.","robots":{"index":"index","follow":"follow","max-snippet":"max-snippet:-1","max-image-preview":"max-image-preview:large","max-video-preview":"max-video-preview:-1"},"canonical":"https:\/\/vitaplay.cl\/?p=3588","og_locale":"es_ES","og_type":"article","og_title":"D\u00eda Internacional de la Democracia Corporaci\u00f3n Vitaplay","og_description":"El 15 de septiembre se observa el D\u00eda Internacional de la Democracia, fecha en que se examina el estado de la democracia en todo el mundo.","og_url":"https:\/\/vitaplay.cl\/?p=3588","og_site_name":"Corporaci\u00f3n Vitaplay","article_published_time":"2021-09-13T23:57:03+00:00","article_modified_time":"2021-10-12T02:27:32+00:00","og_image":[{"width":1100,"height":744,"url":"https:\/\/vitaplay.cl\/wp-content\/uploads\/2021\/10\/Democracia.jpg","type":"image\/jpeg"}],"twitter_card":"summary_large_image","twitter_title":"Aprende a ser carism\u00e1tico con estos 10 consejos","twitter_misc":{"Escrito por":""},"schema":{"@context":"https:\/\/schema.org","@graph":[{"@type":"WebPage","@id":"https:\/\/vitaplay.cl\/?p=3588","url":"https:\/\/vitaplay.cl\/?p=3588","name":"D\u00eda Internacional de la Democracia - Corporaci\u00f3n Vitaplay","isPartOf":{"@id":"https:\/\/vitaplay.cl\/#website"},"primaryImageOfPage":{"@id":"https:\/\/vitaplay.cl\/?p=3588#primaryimage"},"image":{"@id":"https:\/\/vitaplay.cl\/?p=3588#primaryimage"},"thumbnailUrl":"https:\/\/vitaplay.cl\/wp-content\/uploads\/2021\/10\/Democracia.jpg","datePublished":"2021-09-13T23:57:03+00:00","dateModified":"2021-10-12T02:27:32+00:00","author":{"@id":""},"description":"El 15 de septiembre se observa el D\u00eda Internacional de la Democracia, fecha en que se examina el estado de la democracia en todo el mundo.","breadcrumb":{"@id":"https:\/\/vitaplay.cl\/?p=3588#breadcrumb"},"inLanguage":"es","potentialAction":[{"@type":"ReadAction","target":["https:\/\/vitaplay.cl\/?p=3588"]}]},{"@type":"ImageObject","inLanguage":"es","@id":"https:\/\/vitaplay.cl\/?p=3588#primaryimage","url":"https:\/\/vitaplay.cl\/wp-content\/uploads\/2021\/10\/Democracia.jpg","contentUrl":"https:\/\/vitaplay.cl\/wp-content\/uploads\/2021\/10\/Democracia.jpg","width":1100,"height":744,"caption":"Democracia"},{"@type":"BreadcrumbList","@id":"https:\/\/vitaplay.cl\/?p=3588#breadcrumb","itemListElement":[{"@type":"ListItem","position":1,"name":"Portada","item":"https:\/\/vitaplay.cl\/"},{"@type":"ListItem","position":2,"name":"D\u00eda Internacional de la Democracia"}]},{"@type":"WebSite","@id":"https:\/\/vitaplay.cl\/#website","url":"https:\/\/vitaplay.cl\/","name":"Corporaci\u00f3n Vitaplay","description":"Un mundo de aventuras","potentialAction":[{"@type":"SearchAction","target":{"@type":"EntryPoint","urlTemplate":"https:\/\/vitaplay.cl\/?s={search_term_string}"},"query-input":{"@type":"PropertyValueSpecification","valueRequired":true,"valueName":"search_term_string"}}],"inLanguage":"es"},{"@type":"Person","@id":"","url":"https:\/\/vitaplay.cl\/?author=2"}]}},"_links":{"self":[{"href":"https:\/\/vitaplay.cl\/index.php?rest_route=\/wp\/v2\/posts\/3588","targetHints":{"allow":["GET"]}}],"collection":[{"href":"https:\/\/vitaplay.cl\/index.php?rest_route=\/wp\/v2\/posts"}],"about":[{"href":"https:\/\/vitaplay.cl\/index.php?rest_route=\/wp\/v2\/types\/post"}],"author":[{"embeddable":true,"href":"https:\/\/vitaplay.cl\/index.php?rest_route=\/wp\/v2\/users\/2"}],"replies":[{"embeddable":true,"href":"https:\/\/vitaplay.cl\/index.php?rest_route=%2Fwp%2Fv2%2Fcomments&post=3588"}],"version-history":[{"count":12,"href":"https:\/\/vitaplay.cl\/index.php?rest_route=\/wp\/v2\/posts\/3588\/revisions"}],"predecessor-version":[{"id":3608,"href":"https:\/\/vitaplay.cl\/index.php?rest_route=\/wp\/v2\/posts\/3588\/revisions\/3608"}],"wp:featuredmedia":[{"embeddable":true,"href":"https:\/\/vitaplay.cl\/index.php?rest_route=\/wp\/v2\/media\/3597"}],"wp:attachment":[{"href":"https:\/\/vitaplay.cl\/index.php?rest_route=%2Fwp%2Fv2%2Fmedia&parent=3588"}],"wp:term":[{"taxonomy":"category","embeddable":true,"href":"https:\/\/vitaplay.cl\/index.php?rest_route=%2Fwp%2Fv2%2Fcategories&post=3588"},{"taxonomy":"post_tag","embeddable":true,"href":"https:\/\/vitaplay.cl\/index.php?rest_route=%2Fwp%2Fv2%2Ftags&post=3588"}],"curies":[{"name":"wp","href":"https:\/\/api.w.org\/{rel}","templated":true}]}}