{"id":3496,"date":"2021-09-06T20:13:12","date_gmt":"2021-09-06T20:13:12","guid":{"rendered":"https:\/\/vitaplay.cl\/?p=3496"},"modified":"2021-09-24T07:24:46","modified_gmt":"2021-09-24T07:24:46","slug":"dia-internacional-de-la-paz","status":"publish","type":"post","link":"https:\/\/vitaplay.cl\/?p=3496","title":{"rendered":"D\u00eda Internacional de la Paz"},"content":{"rendered":"[et_pb_section fb_built=\u00bb1&#8243; _builder_version=\u00bb4.9.4&#8243; _module_preset=\u00bbdefault\u00bb global_colors_info=\u00bb{}\u00bb][et_pb_row _builder_version=\u00bb4.9.4&#8243; _module_preset=\u00bbdefault\u00bb global_colors_info=\u00bb{}\u00bb][et_pb_column type=\u00bb4_4&#8243; _builder_version=\u00bb4.9.4&#8243; _module_preset=\u00bbdefault\u00bb global_colors_info=\u00bb{}\u00bb][et_pb_text content_tablet=\u00bb\u00bb content_phone=\u00bb\u00bb content_last_edited=\u00bbon|desktop\u00bb admin_label=\u00bbIntroducci\u00f3n\u00bb _builder_version=\u00bb4.10.7&#8243; _module_preset=\u00bbdefault\u00bb global_colors_info=\u00bb{}\u00bb]\n<p>&nbsp;<\/p>\n<p>Cada 21 de septiembre, se celebra el D\u00eda Internacional de la Paz, fecha establecida en 1981 por la Asamblea General de las Naciones Unidas, para fortalecer en todo el mundo los ideales de paz y observar\u00a0la no violencia y el alto el fuego durante 24 horas.<\/p>\n<p>&nbsp;<\/p>\n<p><img loading=\"lazy\" decoding=\"async\" class=\"wp-image-3497 aligncenter\" src=\"https:\/\/vitaplay.cl\/wp-content\/uploads\/2021\/09\/Di\u0301a-Internacional-de-la-Paz-300x199.jpg\" alt=\"Di\u0301a Internacional de la Paz\" width=\"460\" height=\"305\" srcset=\"https:\/\/vitaplay.cl\/wp-content\/uploads\/2021\/09\/Di\u0301a-Internacional-de-la-Paz-300x199.jpg 300w, https:\/\/vitaplay.cl\/wp-content\/uploads\/2021\/09\/Di\u0301a-Internacional-de-la-Paz-768x510.jpg 768w, https:\/\/vitaplay.cl\/wp-content\/uploads\/2021\/09\/Di\u0301a-Internacional-de-la-Paz-980x651.jpg 980w, https:\/\/vitaplay.cl\/wp-content\/uploads\/2021\/09\/Di\u0301a-Internacional-de-la-Paz-480x319.jpg 480w, https:\/\/vitaplay.cl\/wp-content\/uploads\/2021\/09\/Di\u0301a-Internacional-de-la-Paz.jpg 1000w\" sizes=\"(max-width: 460px) 100vw, 460px\" \/><\/p>\n<p style=\"text-align: center;\"><em>Fotograf\u00eda<\/em>:\u00a0 <a href=\"https:\/\/www.pexels.com\/@pixabay\">Pixabay<\/a><\/p>\n<p>&nbsp;<\/p>\n[\/et_pb_text][\/et_pb_column][\/et_pb_row][et_pb_row admin_label=\u00bbFila\u00bb _builder_version=\u00bb4.9.4&#8243; _module_preset=\u00bbdefault\u00bb global_colors_info=\u00bb{}\u00bb][et_pb_column type=\u00bb4_4&#8243; _builder_version=\u00bb4.9.4&#8243; _module_preset=\u00bbdefault\u00bb global_colors_info=\u00bb{}\u00bb][et_pb_text admin_label=\u00bbTema 2021&#8243; _builder_version=\u00bb4.10.8&#8243; _module_preset=\u00bbdefault\u00bb global_colors_info=\u00bb{}\u00bb]\n<p>El tema de este a\u00f1o 2021 es <strong>\u00abRecuperarse mejor para un mundo equitativo y sostenible\u00bb<\/strong>.<\/p>\n<p>En consideraci\u00f3n de la pandemia que actualmente nos afecta a todos, el Secretario General de las Naciones Unidas hizo un llamado para poner alto al fuego mundial, que fue aprobado en febrero de 2021. En esta resoluci\u00f3n se pidi\u00f3 el apoyo de los Estados Miembros para hacer una \u00abpausa humanitaria duradera, amplia y sostenida\u00bb de sus conflictos locales, de manera que se garantice el acceso a vacunas y a tratamiento a todas las personas que se encuentren atrapadas en dichos conflictos.<\/p>\n<p>La pandemia tambi\u00e9n ha provocado un aumento importante en la discriminaci\u00f3n y odio masivo hacia ciertos grupos \u00e9tnicos. Este comportamiento trae como resultado la enemistad y la p\u00e9rdida de m\u00e1s vidas.<\/p>\n<p>Este a\u00f1o, el D\u00eda Internacional de la Paz nos llama a ponernos en paz con los dem\u00e1s y con nosotros mismos, para as\u00ed recuperarnos de las consecuencias negativas de la pandemia.<\/p>\n<p>No debemos olvidar hacer tambi\u00e9n las paces con la naturaleza; es importante que trabajemos todos en reducir la emisi\u00f3n de contaminantes, aprender a no dejar huella en la naturaleza y crear nuevas fuentes de trabajo sostenibles, para lograr revertir el impacto del cambio clim\u00e1tico.<\/p>\n[\/et_pb_text][et_pb_text admin_label=\u00bbCelebraci\u00f3n\u00bb _builder_version=\u00bb4.10.8&#8243; _module_preset=\u00bbdefault\u00bb hover_enabled=\u00bb0&#8243; global_colors_info=\u00bb{}\u00bb sticky_enabled=\u00bb0&#8243;]\n<p>&nbsp;<\/p>\n<h3>\u00bfC\u00f3mo celebrar el D\u00eda Internacional de la Paz?<\/h3>\n<p>&nbsp;<\/p>\n<p>Podemos celebrar la paz de muchas maneras. A continuaci\u00f3n, te entregamos algunas ideas que puedes ejecutar incluyendo a toda la familia, de manera que cada uno tome conciencia de qu\u00e9 se est\u00e1 celebrando y cu\u00e1l es el objetivo de este d\u00eda.<\/p>\n<ul>\n<li>La grulla es un s\u00edmbolo mundial de la paz. Construye grullas en origami y col\u00f3calas en guirnaldas para decorar tu casa o tu lugar de trabajo, o bien rep\u00e1rtelas individualmente entre tus familiares, amistades, vecinos y comunidad escolar.<\/li>\n<li>Busca informaci\u00f3n en Internet acerca del D\u00eda Internacional de la Paz, como las distintas formas en que este d\u00eda se celebra en el mundo, algunas actividades y an\u00e9cdotas relacionadas con la fecha, las organizaciones y pa\u00edses que promueven la paz, entre otros.<\/li>\n<li>Comparte datos interesantes sobre el D\u00eda Internacional de la Paz, a trav\u00e9s de tus redes sociales, incluyendo hashtags como <strong><em>#DiaInternacionaldelaPaz #PeaceDay #ForjandoLaPazJuntos.<\/em><\/strong><\/li>\n<li>Existen muchas pel\u00edculas motivadoras, relativas a la paz mundial, que puedes disfrutar con tu familia o con amigos. Es una excelente ocasi\u00f3n para entablar una conversaci\u00f3n, escuchar distintos puntos de vista y proponer acciones que ayuden a fortalecer la paz.<\/li>\n<li>Repudia las acciones que conducen al odio y la violencia. Ayuda a fortalecer la paz mundial difundiendo bondad, compasi\u00f3n y esperanza.<\/li>\n<\/ul>\n[\/et_pb_text][et_pb_text admin_label=\u00bbConclusi\u00f3n\u00bb _builder_version=\u00bb4.10.8&#8243; _module_preset=\u00bbdefault\u00bb hover_enabled=\u00bb0&#8243; global_colors_info=\u00bb{}\u00bb sticky_enabled=\u00bb0&#8243;]\n<p>&nbsp;<\/p>\n<p>&nbsp;<\/p>\n<h3>Art\u00edculos Recomendados:<\/h3>\n<ul>\n<li><a href=\"https:\/\/vitaplay.cl\/dia-de-los-derechos-humanos-los-principios-de-igualdad-y-la-no-discriminacion\/\" target=\"_blank\" rel=\"noopener\">D\u00eda de los Derechos Humanos, la Igualdad y la No Discriminaci\u00f3n<\/a><\/li>\n<li><a href=\"https:\/\/vitaplay.cl\/manualidades-de-invierno-para-preescolares\/\" target=\"_blank\" rel=\"noopener\">Manualidades de Invierno para Preescolares<\/a><\/li>\n<li><a href=\"https:\/\/vitaplay.cl\/ensena-a-tus-ninos-a-ser-tolerantes-con-estas-10-actividades\/\" target=\"_blank\" rel=\"noopener\">Ense\u00f1a a tus ni\u00f1os a ser tolerantes con estas 10 actividades<\/a><\/li>\n<\/ul>\n[\/et_pb_text][\/et_pb_column][\/et_pb_row][\/et_pb_section][et_pb_section fb_built=\u00bb1&#8243; _builder_version=\u00bb4.9.7&#8243; _module_preset=\u00bbdefault\u00bb global_colors_info=\u00bb{}\u00bb][et_pb_row _builder_version=\u00bb4.9.7&#8243; _module_preset=\u00bbdefault\u00bb global_colors_info=\u00bb{}\u00bb][et_pb_column type=\u00bb4_4&#8243; _builder_version=\u00bb4.9.7&#8243; _module_preset=\u00bbdefault\u00bb global_colors_info=\u00bb{}\u00bb][et_pb_text admin_label=\u00bbPi\u00e9 de P\u00e1gina\u00bb _builder_version=\u00bb4.9.7&#8243; _module_preset=\u00bbdefault\u00bb locked=\u00bboff\u00bb global_colors_info=\u00bb{}\u00bb]\n<p>&nbsp;<\/p>\n<h2>\u00a0<\/h2>\n<h2><img loading=\"lazy\" decoding=\"async\" class=\"wp-image-1986 size-medium aligncenter\" src=\"https:\/\/vitaplay.cl\/wp-content\/uploads\/2020\/11\/Jani-2-300x233.jpg\" alt=\"Jani 2\" width=\"300\" height=\"233\" \/><\/h2>\n<h2 style=\"text-align: center;\"><a href=\"https:\/\/www.linkedin.com\/in\/alesoprano\/\" target=\"_blank\" rel=\"noopener noreferrer\">Alejandra Jim\u00e9nez<\/a><\/h2>\n<p style=\"text-align: center;\"><strong>Mag\u00edster en Teor\u00edas de Aprendizaje de la Lengua Inglesa<\/strong><\/p>\n[\/et_pb_text][\/et_pb_column][\/et_pb_row][\/et_pb_section]\n","protected":false},"excerpt":{"rendered":"<p>Cada 21 de septiembre, se celebra el D\u00eda Internacional de la Paz, para fortalecer en todo el mundo los ideales de paz y el alto el fuego.<\/p>\n","protected":false},"author":2,"featured_media":3497,"comment_status":"closed","ping_status":"closed","sticky":false,"template":"","format":"standard","meta":{"_et_pb_use_builder":"on","_et_pb_old_content":"","_et_gb_content_width":"","footnotes":""},"categories":[16],"tags":[180,181,179],"class_list":["post-3496","post","type-post","status-publish","format-standard","has-post-thumbnail","hentry","category-blog","tag-dia-internacional-de-la-paz","tag-naciones-unidas","tag-paz"],"yoast_head":"<!-- This site is optimized with the Yoast SEO plugin v26.6 - https:\/\/yoast.com\/wordpress\/plugins\/seo\/ -->\n<title>D\u00eda Internacional de la Paz - Corporaci\u00f3n Vitaplay<\/title>\n<meta name=\"description\" content=\"Cada 21 de septiembre, se celebra el D\u00eda Internacional de la Paz, para fortalecer en todo el mundo los ideales de paz y el alto el fuego.\" \/>\n<meta name=\"robots\" content=\"index, follow, max-snippet:-1, max-image-preview:large, max-video-preview:-1\" \/>\n<link rel=\"canonical\" href=\"https:\/\/vitaplay.cl\/?p=3496\" \/>\n<meta property=\"og:locale\" content=\"es_ES\" \/>\n<meta property=\"og:type\" content=\"article\" \/>\n<meta property=\"og:title\" content=\"D\u00eda Internacional de la Paz Corporaci\u00f3n Vitaplay\" \/>\n<meta property=\"og:description\" content=\"Cada 21 de septiembre, se celebra el D\u00eda Internacional de la Paz, para fortalecer en todo el mundo los ideales de paz y el alto el fuego.\" \/>\n<meta property=\"og:url\" content=\"https:\/\/vitaplay.cl\/?p=3496\" \/>\n<meta property=\"og:site_name\" content=\"Corporaci\u00f3n Vitaplay\" \/>\n<meta property=\"article:published_time\" content=\"2021-09-06T20:13:12+00:00\" \/>\n<meta property=\"article:modified_time\" content=\"2021-09-24T07:24:46+00:00\" \/>\n<meta property=\"og:image\" content=\"https:\/\/vitaplay.cl\/wp-content\/uploads\/2021\/08\/Mujer_Indi\u0301gena.jpg\" \/>\n\t<meta property=\"og:image:width\" content=\"700\" \/>\n\t<meta property=\"og:image:height\" content=\"477\" \/>\n\t<meta property=\"og:image:type\" content=\"image\/jpeg\" \/>\n<meta name=\"twitter:card\" content=\"summary_large_image\" \/>\n<meta name=\"twitter:title\" content=\"Aprende a ser carism\u00e1tico con estos 10 consejos\" \/>\n<meta name=\"twitter:label1\" content=\"Escrito por\" \/>\n\t<meta name=\"twitter:data1\" content=\"\" \/>\n<script type=\"application\/ld+json\" class=\"yoast-schema-graph\">{\"@context\":\"https:\/\/schema.org\",\"@graph\":[{\"@type\":\"WebPage\",\"@id\":\"https:\/\/vitaplay.cl\/?p=3496\",\"url\":\"https:\/\/vitaplay.cl\/?p=3496\",\"name\":\"D\u00eda Internacional de la Paz - Corporaci\u00f3n Vitaplay\",\"isPartOf\":{\"@id\":\"https:\/\/vitaplay.cl\/#website\"},\"primaryImageOfPage\":{\"@id\":\"https:\/\/vitaplay.cl\/?p=3496#primaryimage\"},\"image\":{\"@id\":\"https:\/\/vitaplay.cl\/?p=3496#primaryimage\"},\"thumbnailUrl\":\"https:\/\/vitaplay.cl\/wp-content\/uploads\/2021\/09\/Di\u0301a-Internacional-de-la-Paz.jpg\",\"datePublished\":\"2021-09-06T20:13:12+00:00\",\"dateModified\":\"2021-09-24T07:24:46+00:00\",\"author\":{\"@id\":\"\"},\"description\":\"Cada 21 de septiembre, se celebra el D\u00eda Internacional de la Paz, para fortalecer en todo el mundo los ideales de paz y el alto el fuego.\",\"breadcrumb\":{\"@id\":\"https:\/\/vitaplay.cl\/?p=3496#breadcrumb\"},\"inLanguage\":\"es\",\"potentialAction\":[{\"@type\":\"ReadAction\",\"target\":[\"https:\/\/vitaplay.cl\/?p=3496\"]}]},{\"@type\":\"ImageObject\",\"inLanguage\":\"es\",\"@id\":\"https:\/\/vitaplay.cl\/?p=3496#primaryimage\",\"url\":\"https:\/\/vitaplay.cl\/wp-content\/uploads\/2021\/09\/Di\u0301a-Internacional-de-la-Paz.jpg\",\"contentUrl\":\"https:\/\/vitaplay.cl\/wp-content\/uploads\/2021\/09\/Di\u0301a-Internacional-de-la-Paz.jpg\",\"width\":1000,\"height\":664,\"caption\":\"Di\u0301a Internacional de la Paz\"},{\"@type\":\"BreadcrumbList\",\"@id\":\"https:\/\/vitaplay.cl\/?p=3496#breadcrumb\",\"itemListElement\":[{\"@type\":\"ListItem\",\"position\":1,\"name\":\"Portada\",\"item\":\"https:\/\/vitaplay.cl\/\"},{\"@type\":\"ListItem\",\"position\":2,\"name\":\"D\u00eda Internacional de la Paz\"}]},{\"@type\":\"WebSite\",\"@id\":\"https:\/\/vitaplay.cl\/#website\",\"url\":\"https:\/\/vitaplay.cl\/\",\"name\":\"Corporaci\u00f3n Vitaplay\",\"description\":\"Un mundo de aventuras\",\"potentialAction\":[{\"@type\":\"SearchAction\",\"target\":{\"@type\":\"EntryPoint\",\"urlTemplate\":\"https:\/\/vitaplay.cl\/?s={search_term_string}\"},\"query-input\":{\"@type\":\"PropertyValueSpecification\",\"valueRequired\":true,\"valueName\":\"search_term_string\"}}],\"inLanguage\":\"es\"},{\"@type\":\"Person\",\"@id\":\"\",\"url\":\"https:\/\/vitaplay.cl\/?author=2\"}]}<\/script>\n<!-- \/ Yoast SEO plugin. -->","yoast_head_json":{"title":"D\u00eda Internacional de la Paz - Corporaci\u00f3n Vitaplay","description":"Cada 21 de septiembre, se celebra el D\u00eda Internacional de la Paz, para fortalecer en todo el mundo los ideales de paz y el alto el fuego.","robots":{"index":"index","follow":"follow","max-snippet":"max-snippet:-1","max-image-preview":"max-image-preview:large","max-video-preview":"max-video-preview:-1"},"canonical":"https:\/\/vitaplay.cl\/?p=3496","og_locale":"es_ES","og_type":"article","og_title":"D\u00eda Internacional de la Paz Corporaci\u00f3n Vitaplay","og_description":"Cada 21 de septiembre, se celebra el D\u00eda Internacional de la Paz, para fortalecer en todo el mundo los ideales de paz y el alto el fuego.","og_url":"https:\/\/vitaplay.cl\/?p=3496","og_site_name":"Corporaci\u00f3n Vitaplay","article_published_time":"2021-09-06T20:13:12+00:00","article_modified_time":"2021-09-24T07:24:46+00:00","og_image":[{"width":700,"height":477,"url":"https:\/\/vitaplay.cl\/wp-content\/uploads\/2021\/08\/Mujer_Indi\u0301gena.jpg","type":"image\/jpeg"}],"twitter_card":"summary_large_image","twitter_title":"Aprende a ser carism\u00e1tico con estos 10 consejos","twitter_misc":{"Escrito por":""},"schema":{"@context":"https:\/\/schema.org","@graph":[{"@type":"WebPage","@id":"https:\/\/vitaplay.cl\/?p=3496","url":"https:\/\/vitaplay.cl\/?p=3496","name":"D\u00eda Internacional de la Paz - Corporaci\u00f3n Vitaplay","isPartOf":{"@id":"https:\/\/vitaplay.cl\/#website"},"primaryImageOfPage":{"@id":"https:\/\/vitaplay.cl\/?p=3496#primaryimage"},"image":{"@id":"https:\/\/vitaplay.cl\/?p=3496#primaryimage"},"thumbnailUrl":"https:\/\/vitaplay.cl\/wp-content\/uploads\/2021\/09\/Di\u0301a-Internacional-de-la-Paz.jpg","datePublished":"2021-09-06T20:13:12+00:00","dateModified":"2021-09-24T07:24:46+00:00","author":{"@id":""},"description":"Cada 21 de septiembre, se celebra el D\u00eda Internacional de la Paz, para fortalecer en todo el mundo los ideales de paz y el alto el fuego.","breadcrumb":{"@id":"https:\/\/vitaplay.cl\/?p=3496#breadcrumb"},"inLanguage":"es","potentialAction":[{"@type":"ReadAction","target":["https:\/\/vitaplay.cl\/?p=3496"]}]},{"@type":"ImageObject","inLanguage":"es","@id":"https:\/\/vitaplay.cl\/?p=3496#primaryimage","url":"https:\/\/vitaplay.cl\/wp-content\/uploads\/2021\/09\/Di\u0301a-Internacional-de-la-Paz.jpg","contentUrl":"https:\/\/vitaplay.cl\/wp-content\/uploads\/2021\/09\/Di\u0301a-Internacional-de-la-Paz.jpg","width":1000,"height":664,"caption":"Di\u0301a Internacional de la Paz"},{"@type":"BreadcrumbList","@id":"https:\/\/vitaplay.cl\/?p=3496#breadcrumb","itemListElement":[{"@type":"ListItem","position":1,"name":"Portada","item":"https:\/\/vitaplay.cl\/"},{"@type":"ListItem","position":2,"name":"D\u00eda Internacional de la Paz"}]},{"@type":"WebSite","@id":"https:\/\/vitaplay.cl\/#website","url":"https:\/\/vitaplay.cl\/","name":"Corporaci\u00f3n Vitaplay","description":"Un mundo de aventuras","potentialAction":[{"@type":"SearchAction","target":{"@type":"EntryPoint","urlTemplate":"https:\/\/vitaplay.cl\/?s={search_term_string}"},"query-input":{"@type":"PropertyValueSpecification","valueRequired":true,"valueName":"search_term_string"}}],"inLanguage":"es"},{"@type":"Person","@id":"","url":"https:\/\/vitaplay.cl\/?author=2"}]}},"_links":{"self":[{"href":"https:\/\/vitaplay.cl\/index.php?rest_route=\/wp\/v2\/posts\/3496","targetHints":{"allow":["GET"]}}],"collection":[{"href":"https:\/\/vitaplay.cl\/index.php?rest_route=\/wp\/v2\/posts"}],"about":[{"href":"https:\/\/vitaplay.cl\/index.php?rest_route=\/wp\/v2\/types\/post"}],"author":[{"embeddable":true,"href":"https:\/\/vitaplay.cl\/index.php?rest_route=\/wp\/v2\/users\/2"}],"replies":[{"embeddable":true,"href":"https:\/\/vitaplay.cl\/index.php?rest_route=%2Fwp%2Fv2%2Fcomments&post=3496"}],"version-history":[{"count":10,"href":"https:\/\/vitaplay.cl\/index.php?rest_route=\/wp\/v2\/posts\/3496\/revisions"}],"predecessor-version":[{"id":3516,"href":"https:\/\/vitaplay.cl\/index.php?rest_route=\/wp\/v2\/posts\/3496\/revisions\/3516"}],"wp:featuredmedia":[{"embeddable":true,"href":"https:\/\/vitaplay.cl\/index.php?rest_route=\/wp\/v2\/media\/3497"}],"wp:attachment":[{"href":"https:\/\/vitaplay.cl\/index.php?rest_route=%2Fwp%2Fv2%2Fmedia&parent=3496"}],"wp:term":[{"taxonomy":"category","embeddable":true,"href":"https:\/\/vitaplay.cl\/index.php?rest_route=%2Fwp%2Fv2%2Fcategories&post=3496"},{"taxonomy":"post_tag","embeddable":true,"href":"https:\/\/vitaplay.cl\/index.php?rest_route=%2Fwp%2Fv2%2Ftags&post=3496"}],"curies":[{"name":"wp","href":"https:\/\/api.w.org\/{rel}","templated":true}]}}