{"id":3434,"date":"2021-08-29T23:07:36","date_gmt":"2021-08-29T23:07:36","guid":{"rendered":"https:\/\/vitaplay.cl\/?p=3434"},"modified":"2021-09-01T17:27:15","modified_gmt":"2021-09-01T17:27:15","slug":"dia-internacional-de-la-mujer-indigena","status":"publish","type":"post","link":"https:\/\/vitaplay.cl\/?p=3434","title":{"rendered":"D\u00eda Internacional de la Mujer Ind\u00edgena"},"content":{"rendered":"[et_pb_section fb_built=\u00bb1&#8243; _builder_version=\u00bb4.9.4&#8243; _module_preset=\u00bbdefault\u00bb global_colors_info=\u00bb{}\u00bb][et_pb_row _builder_version=\u00bb4.9.4&#8243; _module_preset=\u00bbdefault\u00bb global_colors_info=\u00bb{}\u00bb][et_pb_column type=\u00bb4_4&#8243; _builder_version=\u00bb4.9.4&#8243; _module_preset=\u00bbdefault\u00bb global_colors_info=\u00bb{}\u00bb][et_pb_text content_tablet=\u00bb\u00bb content_phone=\u00bb\u00bb content_last_edited=\u00bbon|desktop\u00bb admin_label=\u00bbIntroducci\u00f3n\u00bb _builder_version=\u00bb4.10.5&#8243; _module_preset=\u00bbdefault\u00bb global_colors_info=\u00bb{}\u00bb]\n<p>&nbsp;<\/p>\n<p>En 1983, durante el Segundo Encuentro de Organizaciones y Movimientos de Am\u00e9rica, realizado en Tihuanacu, Bolivia, se eligi\u00f3 el d\u00eda 5 de septiembre para celebrar el <strong>D\u00eda Internacional de la Mujer Ind\u00edgena<\/strong>.<\/p>\n<p>El objetivo de este d\u00eda es reconocer a todas las mujeres ind\u00edgenas que han desempe\u00f1ado un papel importante en la lucha por mantener la cultura y el lenguaje de sus tribus.<\/p>\n<p>&nbsp;<\/p>\n<p>&nbsp;<\/p>\n<p><img loading=\"lazy\" decoding=\"async\" class=\"wp-image-3436  aligncenter\" src=\"https:\/\/vitaplay.cl\/wp-content\/uploads\/2021\/08\/Mujer_Indi\u0301gena-300x204.jpg\" alt=\"Mujer Ind\u00edgena\" width=\"504\" height=\"343\" srcset=\"https:\/\/vitaplay.cl\/wp-content\/uploads\/2021\/08\/Mujer_Indi\u0301gena-300x204.jpg 300w, https:\/\/vitaplay.cl\/wp-content\/uploads\/2021\/08\/Mujer_Indi\u0301gena-480x327.jpg 480w, https:\/\/vitaplay.cl\/wp-content\/uploads\/2021\/08\/Mujer_Indi\u0301gena.jpg 700w\" sizes=\"(max-width: 504px) 100vw, 504px\" \/><\/p>\n<p style=\"text-align: center;\"><em>Fotograf\u00eda<\/em>:\u00a0 <a href=\"https:\/\/www.pexels.com\/@julia-volk\">Julia Volk<\/a><\/p>\n<p>&nbsp;<\/p>\n[\/et_pb_text][\/et_pb_column][\/et_pb_row][et_pb_row admin_label=\u00bbFila\u00bb _builder_version=\u00bb4.9.4&#8243; _module_preset=\u00bbdefault\u00bb global_colors_info=\u00bb{}\u00bb][et_pb_column type=\u00bb4_4&#8243; _builder_version=\u00bb4.9.4&#8243; _module_preset=\u00bbdefault\u00bb global_colors_info=\u00bb{}\u00bb][et_pb_text admin_label=\u00bbPueblos Ind\u00edgenas\u00bb _builder_version=\u00bb4.10.5&#8243; _module_preset=\u00bbdefault\u00bb global_colors_info=\u00bb{}\u00bb]\n<h2 id=\"resTit_1\">\u00a0<\/h2>\n<h3>Pueblos Ind\u00edgenas<\/h3>\n<p>&nbsp;<\/p>\n<p>Se estima que actualmente existen cerca de 522 pueblos ind\u00edgenas en Latinoam\u00e9rica, con una poblaci\u00f3n total de 42 millones de personas, de las cuales el 59% son mujeres. Este sector, lamentablemente, es el m\u00e1s oprimido tanto por las costumbres de las tribus como por la sociedad en general.<\/p>\n<p>La mujer ind\u00edgena actualmente es discriminada en tres aspectos principales:<\/p>\n<ul>\n<li><strong>G\u00e9nero<\/strong>: Los pueblos ind\u00edgenas son machistas en su mayor\u00eda, por lo que las ni\u00f1as no tienen derecho a educaci\u00f3n y, en algunos casos, las pr\u00e1cticas de apareamiento implican violaci\u00f3n.<\/li>\n<li><strong>Origen<\/strong>: En muchos pa\u00edses, las personas ind\u00edgenas son miradas como ciudadanos de segunda clase.<\/li>\n<li><strong>Pobreza<\/strong>: La cultura de muchos pueblos ind\u00edgenas no permite que sus mujeres sean due\u00f1as de las tierras en las que viven y trabajan; las tierras pertenecen al \u00abhombre de la casa\u00bb, por lo que las mujeres deben pedir permiso para trabajar en ellas y para tomar lo cosechado.<\/li>\n<\/ul>\n<p>&nbsp;<\/p>\n[\/et_pb_text][et_pb_text admin_label=\u00bbHistoria\u00bb _builder_version=\u00bb4.10.5&#8243; _module_preset=\u00bbdefault\u00bb global_colors_info=\u00bb{}\u00bb]\n<p>&nbsp;<\/p>\n<h3>Historia<\/h3>\n<p>&nbsp;<\/p>\n<p>La fecha 5 de septiembre fue elegida para celebrar el D\u00eda Internacional de la Mujer Ind\u00edgena, con la intenci\u00f3n de conmemorar a Bartolina Sisa, quien fue una valiente ind\u00edgena peruana nacida en Cuzco, el 24 de agosto de 1753.<\/p>\n<p>Dedic\u00f3 su juventud principalmente a trabajar en telar y a los 25 a\u00f1os de edad se cas\u00f3 con Julian Apaza, conocido m\u00e1s tarde como el caudillo T\u00fapac Katari. Juntos organizaron la rebeli\u00f3n de los pueblos ind\u00edgenas a trav\u00e9s de los Andes, liderando juntos el movimiento llamado Aymara Quechua con igualdad de condiciones y el mismo nivel de mando.<\/p>\n<p>Bartolina cay\u00f3 en manos del enemigo y fue utilizada para amenazar a T\u00fapac Katari. El caudillo no acept\u00f3 las demandas del enemigo, pero se encarg\u00f3 de proveer a Bartolina con alimentos, coca y oro.<\/p>\n<p>Bartolina sufri\u00f3 violaciones y torturas y finalmente fue ahorcada el 5 de septiembre de 1782, pasando a la historia como una valiente e insobornable hero\u00edna.<\/p>\n<p>&nbsp;<\/p>\n[\/et_pb_text][et_pb_text admin_label=\u00bbCelebraci\u00f3n\u00bb _builder_version=\u00bb4.10.5&#8243; _module_preset=\u00bbdefault\u00bb global_colors_info=\u00bb{}\u00bb]\n<p>&nbsp;<\/p>\n<h3>Celebraci\u00f3n<\/h3>\n<p>&nbsp;<\/p>\n<p>La mejor manera de celebrar el D\u00eda Internacional de la Mujer Ind\u00edgena en todo el mundo, es luchando por la igualdad de sus derechos<strong>.<\/strong> Ellas deben gozar de los mismos derechos que cualquier persona de su g\u00e9nero, as\u00ed como todas las mujeres deben gozar de los mismos derechos que cualquier persona en el mundo.<\/p>\n<p>Conocer m\u00e1s acerca de la cultura ind\u00edgena de tu pa\u00eds, es una excelente forma de celebrar y honrar a aquellas mujeres que forman parte de ella.<\/p>\n<p>Por \u00faltimo, comparte con tus contactos algunas historias interesantes sobre las mujeres ind\u00edgenas, a trav\u00e9s de tus redes sociales e incluye el hashtag <strong><em>#DiadelaMujerIndigena<\/em><\/strong>, para ayudar a promover esta celebraci\u00f3n en el mundo entero.<\/p>\n<p>&nbsp;<\/p>\n[\/et_pb_text][et_pb_text admin_label=\u00bbConclusi\u00f3n\u00bb _builder_version=\u00bb4.10.5&#8243; _module_preset=\u00bbdefault\u00bb global_colors_info=\u00bb{}\u00bb]\n<p style=\"text-align: center;\">\n<p>&nbsp;<\/p>\n<p>&nbsp;<\/p>\n<h3>Art\u00edculos Recomendados:<\/h3>\n<ul>\n<li><a href=\"https:\/\/vitaplay.cl\/dia-de-los-derechos-humanos-los-principios-de-igualdad-y-la-no-discriminacion\/\" target=\"_blank\" rel=\"noopener\">D\u00eda de los Derechos Humanos, la Igualdad y la No Discriminaci\u00f3n<\/a><\/li>\n<li><a href=\"https:\/\/vitaplay.cl\/manualidades-de-invierno-para-preescolares\/\" target=\"_blank\" rel=\"noopener\">Manualidades de Invierno para Preescolares<\/a><\/li>\n<li><a href=\"https:\/\/vitaplay.cl\/ensena-a-tus-ninos-a-ser-tolerantes-con-estas-10-actividades\/\" target=\"_blank\" rel=\"noopener\">Ense\u00f1a a tus ni\u00f1os a ser tolerantes con estas 10 actividades<\/a><\/li>\n<\/ul>\n[\/et_pb_text][\/et_pb_column][\/et_pb_row][\/et_pb_section][et_pb_section fb_built=\u00bb1&#8243; _builder_version=\u00bb4.9.7&#8243; _module_preset=\u00bbdefault\u00bb global_colors_info=\u00bb{}\u00bb][et_pb_row _builder_version=\u00bb4.9.7&#8243; _module_preset=\u00bbdefault\u00bb global_colors_info=\u00bb{}\u00bb][et_pb_column type=\u00bb4_4&#8243; _builder_version=\u00bb4.9.7&#8243; _module_preset=\u00bbdefault\u00bb global_colors_info=\u00bb{}\u00bb][et_pb_text admin_label=\u00bbSignature\u00bb _builder_version=\u00bb4.9.7&#8243; _module_preset=\u00bbdefault\u00bb locked=\u00bboff\u00bb global_colors_info=\u00bb{}\u00bb]\n<p>&nbsp;<\/p>\n<h2>\u00a0<\/h2>\n<h2><img loading=\"lazy\" decoding=\"async\" class=\"wp-image-1986 size-medium aligncenter\" src=\"https:\/\/vitaplay.cl\/wp-content\/uploads\/2020\/11\/Jani-2-300x233.jpg\" alt=\"Jani 2\" width=\"300\" height=\"233\" \/><\/h2>\n<h2 style=\"text-align: center;\"><a href=\"https:\/\/www.linkedin.com\/in\/alesoprano\/\" target=\"_blank\" rel=\"noopener noreferrer\">Alejandra Jim\u00e9nez<\/a><\/h2>\n<p style=\"text-align: center;\"><strong>Mag\u00edster en Teor\u00edas de Aprendizaje de la Lengua Inglesa<\/strong><\/p>\n[\/et_pb_text][\/et_pb_column][\/et_pb_row][\/et_pb_section]\n","protected":false},"excerpt":{"rendered":"<p>En 1983, durante el Segundo Encuentro de Organizaciones y Movimientos de Am\u00e9rica, realizado en Tihuanacu, Bolivia, se eligi\u00f3 el d\u00eda 5 de septiembre para celebrar el D\u00eda Internacional de la Mujer Ind\u00edgena.<\/p>\n","protected":false},"author":2,"featured_media":3436,"comment_status":"closed","ping_status":"closed","sticky":false,"template":"","format":"standard","meta":{"_et_pb_use_builder":"on","_et_pb_old_content":"","_et_gb_content_width":"","footnotes":""},"categories":[16],"tags":[178,169,177,175,176],"class_list":["post-3434","post","type-post","status-publish","format-standard","has-post-thumbnail","hentry","category-blog","tag-derechos-de-la-mujer","tag-derechos-humanos","tag-mujer","tag-mujer-indigena","tag-pueblos-indigenas"],"yoast_head":"<!-- This site is optimized with the Yoast SEO plugin v26.6 - https:\/\/yoast.com\/wordpress\/plugins\/seo\/ -->\n<title>D\u00eda Internacional de la Mujer Ind\u00edgena - Corporaci\u00f3n Vitaplay<\/title>\n<meta name=\"description\" content=\"En 1983, en Tihuanacu, Bolivia, se eligi\u00f3 el d\u00eda 5 de septiembre para celebrar el D\u00eda Internacional de la Mujer Ind\u00edgena.\" \/>\n<meta name=\"robots\" content=\"index, follow, max-snippet:-1, max-image-preview:large, max-video-preview:-1\" \/>\n<link rel=\"canonical\" href=\"https:\/\/vitaplay.cl\/?p=3434\" \/>\n<meta property=\"og:locale\" content=\"es_ES\" \/>\n<meta property=\"og:type\" content=\"article\" \/>\n<meta property=\"og:title\" content=\"D\u00eda Internacional de la Mujer Ind\u00edgena Corporaci\u00f3n Vitaplay\" \/>\n<meta property=\"og:description\" content=\"En 1983, en Tihuanacu, Bolivia, se eligi\u00f3 el d\u00eda 5 de septiembre para celebrar el D\u00eda Internacional de la Mujer Ind\u00edgena.\" \/>\n<meta property=\"og:url\" content=\"https:\/\/vitaplay.cl\/?p=3434\" \/>\n<meta property=\"og:site_name\" content=\"Corporaci\u00f3n Vitaplay\" \/>\n<meta property=\"article:published_time\" content=\"2021-08-29T23:07:36+00:00\" \/>\n<meta property=\"article:modified_time\" content=\"2021-09-01T17:27:15+00:00\" \/>\n<meta property=\"og:image\" content=\"https:\/\/vitaplay.cl\/wp-content\/uploads\/2021\/08\/Mujer_Indi\u0301gena.jpg\" \/>\n\t<meta property=\"og:image:width\" content=\"700\" \/>\n\t<meta property=\"og:image:height\" content=\"477\" \/>\n\t<meta property=\"og:image:type\" content=\"image\/jpeg\" \/>\n<meta name=\"twitter:card\" content=\"summary_large_image\" \/>\n<meta name=\"twitter:title\" content=\"Aprende a ser carism\u00e1tico con estos 10 consejos\" \/>\n<meta name=\"twitter:label1\" content=\"Escrito por\" \/>\n\t<meta name=\"twitter:data1\" content=\"\" \/>\n<script type=\"application\/ld+json\" class=\"yoast-schema-graph\">{\"@context\":\"https:\/\/schema.org\",\"@graph\":[{\"@type\":\"WebPage\",\"@id\":\"https:\/\/vitaplay.cl\/?p=3434\",\"url\":\"https:\/\/vitaplay.cl\/?p=3434\",\"name\":\"D\u00eda Internacional de la Mujer Ind\u00edgena - Corporaci\u00f3n Vitaplay\",\"isPartOf\":{\"@id\":\"https:\/\/vitaplay.cl\/#website\"},\"primaryImageOfPage\":{\"@id\":\"https:\/\/vitaplay.cl\/?p=3434#primaryimage\"},\"image\":{\"@id\":\"https:\/\/vitaplay.cl\/?p=3434#primaryimage\"},\"thumbnailUrl\":\"https:\/\/vitaplay.cl\/wp-content\/uploads\/2021\/08\/Mujer_Indi\u0301gena.jpg\",\"datePublished\":\"2021-08-29T23:07:36+00:00\",\"dateModified\":\"2021-09-01T17:27:15+00:00\",\"author\":{\"@id\":\"\"},\"description\":\"En 1983, en Tihuanacu, Bolivia, se eligi\u00f3 el d\u00eda 5 de septiembre para celebrar el D\u00eda Internacional de la Mujer Ind\u00edgena.\",\"breadcrumb\":{\"@id\":\"https:\/\/vitaplay.cl\/?p=3434#breadcrumb\"},\"inLanguage\":\"es\",\"potentialAction\":[{\"@type\":\"ReadAction\",\"target\":[\"https:\/\/vitaplay.cl\/?p=3434\"]}]},{\"@type\":\"ImageObject\",\"inLanguage\":\"es\",\"@id\":\"https:\/\/vitaplay.cl\/?p=3434#primaryimage\",\"url\":\"https:\/\/vitaplay.cl\/wp-content\/uploads\/2021\/08\/Mujer_Indi\u0301gena.jpg\",\"contentUrl\":\"https:\/\/vitaplay.cl\/wp-content\/uploads\/2021\/08\/Mujer_Indi\u0301gena.jpg\",\"width\":700,\"height\":477,\"caption\":\"Mujer Ind\u00edgena\"},{\"@type\":\"BreadcrumbList\",\"@id\":\"https:\/\/vitaplay.cl\/?p=3434#breadcrumb\",\"itemListElement\":[{\"@type\":\"ListItem\",\"position\":1,\"name\":\"Portada\",\"item\":\"https:\/\/vitaplay.cl\/\"},{\"@type\":\"ListItem\",\"position\":2,\"name\":\"D\u00eda Internacional de la Mujer Ind\u00edgena\"}]},{\"@type\":\"WebSite\",\"@id\":\"https:\/\/vitaplay.cl\/#website\",\"url\":\"https:\/\/vitaplay.cl\/\",\"name\":\"Corporaci\u00f3n Vitaplay\",\"description\":\"Un mundo de aventuras\",\"potentialAction\":[{\"@type\":\"SearchAction\",\"target\":{\"@type\":\"EntryPoint\",\"urlTemplate\":\"https:\/\/vitaplay.cl\/?s={search_term_string}\"},\"query-input\":{\"@type\":\"PropertyValueSpecification\",\"valueRequired\":true,\"valueName\":\"search_term_string\"}}],\"inLanguage\":\"es\"},{\"@type\":\"Person\",\"@id\":\"\",\"url\":\"https:\/\/vitaplay.cl\/?author=2\"}]}<\/script>\n<!-- \/ Yoast SEO plugin. -->","yoast_head_json":{"title":"D\u00eda Internacional de la Mujer Ind\u00edgena - Corporaci\u00f3n Vitaplay","description":"En 1983, en Tihuanacu, Bolivia, se eligi\u00f3 el d\u00eda 5 de septiembre para celebrar el D\u00eda Internacional de la Mujer Ind\u00edgena.","robots":{"index":"index","follow":"follow","max-snippet":"max-snippet:-1","max-image-preview":"max-image-preview:large","max-video-preview":"max-video-preview:-1"},"canonical":"https:\/\/vitaplay.cl\/?p=3434","og_locale":"es_ES","og_type":"article","og_title":"D\u00eda Internacional de la Mujer Ind\u00edgena Corporaci\u00f3n Vitaplay","og_description":"En 1983, en Tihuanacu, Bolivia, se eligi\u00f3 el d\u00eda 5 de septiembre para celebrar el D\u00eda Internacional de la Mujer Ind\u00edgena.","og_url":"https:\/\/vitaplay.cl\/?p=3434","og_site_name":"Corporaci\u00f3n Vitaplay","article_published_time":"2021-08-29T23:07:36+00:00","article_modified_time":"2021-09-01T17:27:15+00:00","og_image":[{"width":700,"height":477,"url":"https:\/\/vitaplay.cl\/wp-content\/uploads\/2021\/08\/Mujer_Indi\u0301gena.jpg","type":"image\/jpeg"}],"twitter_card":"summary_large_image","twitter_title":"Aprende a ser carism\u00e1tico con estos 10 consejos","twitter_misc":{"Escrito por":""},"schema":{"@context":"https:\/\/schema.org","@graph":[{"@type":"WebPage","@id":"https:\/\/vitaplay.cl\/?p=3434","url":"https:\/\/vitaplay.cl\/?p=3434","name":"D\u00eda Internacional de la Mujer Ind\u00edgena - Corporaci\u00f3n Vitaplay","isPartOf":{"@id":"https:\/\/vitaplay.cl\/#website"},"primaryImageOfPage":{"@id":"https:\/\/vitaplay.cl\/?p=3434#primaryimage"},"image":{"@id":"https:\/\/vitaplay.cl\/?p=3434#primaryimage"},"thumbnailUrl":"https:\/\/vitaplay.cl\/wp-content\/uploads\/2021\/08\/Mujer_Indi\u0301gena.jpg","datePublished":"2021-08-29T23:07:36+00:00","dateModified":"2021-09-01T17:27:15+00:00","author":{"@id":""},"description":"En 1983, en Tihuanacu, Bolivia, se eligi\u00f3 el d\u00eda 5 de septiembre para celebrar el D\u00eda Internacional de la Mujer Ind\u00edgena.","breadcrumb":{"@id":"https:\/\/vitaplay.cl\/?p=3434#breadcrumb"},"inLanguage":"es","potentialAction":[{"@type":"ReadAction","target":["https:\/\/vitaplay.cl\/?p=3434"]}]},{"@type":"ImageObject","inLanguage":"es","@id":"https:\/\/vitaplay.cl\/?p=3434#primaryimage","url":"https:\/\/vitaplay.cl\/wp-content\/uploads\/2021\/08\/Mujer_Indi\u0301gena.jpg","contentUrl":"https:\/\/vitaplay.cl\/wp-content\/uploads\/2021\/08\/Mujer_Indi\u0301gena.jpg","width":700,"height":477,"caption":"Mujer Ind\u00edgena"},{"@type":"BreadcrumbList","@id":"https:\/\/vitaplay.cl\/?p=3434#breadcrumb","itemListElement":[{"@type":"ListItem","position":1,"name":"Portada","item":"https:\/\/vitaplay.cl\/"},{"@type":"ListItem","position":2,"name":"D\u00eda Internacional de la Mujer Ind\u00edgena"}]},{"@type":"WebSite","@id":"https:\/\/vitaplay.cl\/#website","url":"https:\/\/vitaplay.cl\/","name":"Corporaci\u00f3n Vitaplay","description":"Un mundo de aventuras","potentialAction":[{"@type":"SearchAction","target":{"@type":"EntryPoint","urlTemplate":"https:\/\/vitaplay.cl\/?s={search_term_string}"},"query-input":{"@type":"PropertyValueSpecification","valueRequired":true,"valueName":"search_term_string"}}],"inLanguage":"es"},{"@type":"Person","@id":"","url":"https:\/\/vitaplay.cl\/?author=2"}]}},"_links":{"self":[{"href":"https:\/\/vitaplay.cl\/index.php?rest_route=\/wp\/v2\/posts\/3434","targetHints":{"allow":["GET"]}}],"collection":[{"href":"https:\/\/vitaplay.cl\/index.php?rest_route=\/wp\/v2\/posts"}],"about":[{"href":"https:\/\/vitaplay.cl\/index.php?rest_route=\/wp\/v2\/types\/post"}],"author":[{"embeddable":true,"href":"https:\/\/vitaplay.cl\/index.php?rest_route=\/wp\/v2\/users\/2"}],"replies":[{"embeddable":true,"href":"https:\/\/vitaplay.cl\/index.php?rest_route=%2Fwp%2Fv2%2Fcomments&post=3434"}],"version-history":[{"count":13,"href":"https:\/\/vitaplay.cl\/index.php?rest_route=\/wp\/v2\/posts\/3434\/revisions"}],"predecessor-version":[{"id":3463,"href":"https:\/\/vitaplay.cl\/index.php?rest_route=\/wp\/v2\/posts\/3434\/revisions\/3463"}],"wp:featuredmedia":[{"embeddable":true,"href":"https:\/\/vitaplay.cl\/index.php?rest_route=\/wp\/v2\/media\/3436"}],"wp:attachment":[{"href":"https:\/\/vitaplay.cl\/index.php?rest_route=%2Fwp%2Fv2%2Fmedia&parent=3434"}],"wp:term":[{"taxonomy":"category","embeddable":true,"href":"https:\/\/vitaplay.cl\/index.php?rest_route=%2Fwp%2Fv2%2Fcategories&post=3434"},{"taxonomy":"post_tag","embeddable":true,"href":"https:\/\/vitaplay.cl\/index.php?rest_route=%2Fwp%2Fv2%2Ftags&post=3434"}],"curies":[{"name":"wp","href":"https:\/\/api.w.org\/{rel}","templated":true}]}}