{"id":293,"date":"2020-05-13T04:06:19","date_gmt":"2020-05-13T04:06:19","guid":{"rendered":"https:\/\/vitaplay.cl\/?p=293"},"modified":"2020-11-24T01:48:59","modified_gmt":"2020-11-24T01:48:59","slug":"senales-tempranas-de-un-trastorno-del-aprendizaje","status":"publish","type":"post","link":"https:\/\/vitaplay.cl\/?p=293","title":{"rendered":"Se\u00f1ales tempranas de un trastorno del aprendizaje"},"content":{"rendered":"[et_pb_section fb_built=\u00bb1&#8243; _builder_version=\u00bb4.4.6&#8243;][et_pb_row _builder_version=\u00bb4.4.6&#8243;][et_pb_column type=\u00bb4_4&#8243; _builder_version=\u00bb4.4.6&#8243;][et_pb_text _builder_version=\u00bb4.6.6&#8243;]<p><\/p>\n<h3 class=\"wp-block-heading\" id=\"section1\">\u00bfC\u00f3mo puedo saber si mi ni\u00f1o tiene un trastorno del aprendizaje?<\/h3>\n<p><\/p>\n<p>Los ni\u00f1os tienen su propio ritmo y estilo para aprender. Pero si tu hijo tiene muchas dificultades para hablar o aprender los n\u00fameros y las letras, quiz\u00e1s tenga un trastorno del aprendizaje. Estos trastornos afectan la forma en la que el cerebro procesa la informaci\u00f3n. Es por eso que el entender algunos conceptos resulta muy dif\u00edcil.<\/p>\n<p><\/p>\n<p>Un ni\u00f1o con un trastorno del aprendizaje quiz\u00e1s entienda perfectamente la trama de un libro que lee. Pero es probable que, si le haces una pregunta sobre lo que acaba de leer, no te responda, ya que le costar\u00e1 mucho trabajo. Adem\u00e1s puede ser que tu peque\u00f1o te diga con mucha facilidad el alfabeto de corrido, de la A a la Z. Sin embargo, no ser\u00e1 capaz de nombrar las letras del alfabeto por separado. Puede ser com\u00fan adem\u00e1s que el peque\u00f1o tenga dificultad para armar un rompecabezas o atarse los cordones de sus zapatos.<\/p>\n<p><\/p>\n<p>Los ni\u00f1os con trastornos del aprendizaje generalmente tienen una inteligencia normal o por encima de lo normal pero les cuesta expresar lo que saben. Debido a que los ni\u00f1os con trastornos del aprendizaje tienen dificultad para aprender ciertas materias, a menudo sienten frustraci\u00f3n y enojo. Adem\u00e1s es com\u00fan que tengan una autoestima baja e incluso sufran de depresi\u00f3n. Quiz\u00e1s tu ni\u00f1o sepa bien lo que quiere lograr, decir, escribir o hacer pero conseguirlo no le resultar\u00e1 f\u00e1cil.<\/p>\n<p><\/p>\n<p>\u00abPor alg\u00fan motivo, la informaci\u00f3n que ingresa por los ojos y los o\u00eddos de los ni\u00f1os con trastornos del aprendizaje, no se traduce correctamente. Por lo tanto, la respuesta que surge del ni\u00f1o no es la apropiada\u201d, dice Ron Liebman, psiquiatra infantil de Lynnewood, Pensilvania. \u00abMe refiero a ni\u00f1os con coeficiente intelectual normal\u00bb, a\u00f1ade.<\/p>\n<p><\/p>\n<p><\/p>\n<p><\/p>[\/et_pb_text][et_pb_image src=\u00bbhttps:\/\/vitaplay.cl\/wp-content\/uploads\/2020\/05\/IMG_2079.jpg\u00bb alt=\u00bbTrastorno-aprendizaje\u00bb title_text=\u00bbTrastorno-aprendizaje\u00bb align=\u00bbcenter\u00bb _builder_version=\u00bb4.6.6&#8243; _module_preset=\u00bbdefault\u00bb width=\u00bb50%\u00bb][\/et_pb_image][et_pb_text _builder_version=\u00bb4.6.6&#8243;]<p><!-- \/wp:post-content --><\/p>\n<p><!-- wp:heading {\"level\":3} --><\/p>\n<h3 id=\"section2\">\u00bfCu\u00e1les son las se\u00f1ales de un trastorno del aprendizaje en ni\u00f1os de 5 a\u00f1os o menores?<\/h3>\n<p><!-- \/wp:heading --><\/p>\n<p><!-- wp:paragraph -->Los trastornos del aprendizaje generalmente se agrupan en tres categor\u00edas:<\/p>\n<p><!-- \/wp:paragraph --><\/p>\n<p><!-- wp:list --><\/p>\n<ul>\n<li>Trastornos del habla o lenguaje.<\/li>\n<li>Problemas para leer, escribir y aprender matem\u00e1ticas.<\/li>\n<li>Y otra serie de trastornos tales como problemas de coordinaci\u00f3n, motricidad o memoria.<\/li>\n<\/ul>\n<p><!-- \/wp:list --><\/p>\n<p><!-- wp:paragraph -->A veces es evidente que un ni\u00f1o tiene una determinada discapacidad, como dislexia o discalculia. La dislexia afecta la capacidad de leer y la discalculia impacta de manera negativa la habilidad de aprender matem\u00e1ticas. Es com\u00fan que los ni\u00f1os sufran una combinaci\u00f3n de distintos trastornos.<\/p>\n<p><!-- \/wp:paragraph --><\/p>\n<p><!-- wp:paragraph -->Los <a href=\"https:\/\/espanol.babycenter.com\/a11000092\/trastorno-por-d%C3%A9ficit-de-atenci%C3%B3n-e-hiperactividad-cu%C3%A1ndo-y-c%C3%B3mo-hacerle-una-evaluaci%C3%B3n-a-tu-hijo\">trastornos por d\u00e9ficit de atenci\u00f3n<\/a> no son trastornos del aprendizaje propiamente dichos. Pero los ni\u00f1os con discapacidades del aprendizaje generalmente tambi\u00e9n manifiestan problemas de falta de atenci\u00f3n.<\/p>\n<p><!-- \/wp:paragraph --><\/p>\n<p><!-- wp:paragraph -->Entre los signos que podr\u00edan indicar un <a href=\"https:\/\/espanol.babycenter.com\/a11000098\/qu%C3%A9-es-un-trastorno-del-aprendizaje\">trastorno del aprendizaje<\/a> en ni\u00f1os menores de 5 a\u00f1os, se incluyen:<\/p>\n<p><!-- \/wp:paragraph --><\/p>\n<p><!-- wp:list --><\/p>\n<ul>\n<li>Retraso del habla.<\/li>\n<li>Problemas de pronunciaci\u00f3n.<\/li>\n<li>Dificultad para aprender nuevas palabras.<\/li>\n<li>Dificultad para aprender a leer.<\/li>\n<li>Dificultad para aprender los n\u00fameros, el alfabeto, los d\u00edas de la semana o los colores y figuras geom\u00e9tricas.<\/li>\n<li>Falta de concentraci\u00f3n.<\/li>\n<li>Dificultad para seguir instrucciones.<\/li>\n<li>Dificultad para sostener correctamente el cray\u00f3n o la lapicera.<\/li>\n<li>Dificultad para abotonar, subir cierres o cremalleras y atar cordones.<\/li>\n<\/ul>\n<p><!-- \/wp:list --><\/p>\n<p><!-- wp:heading {\"level\":3} --><\/p>\n<p><!-- \/wp:heading --><\/p>[\/et_pb_text][et_pb_text _builder_version=\u00bb4.6.6&#8243;]<h3 id=\"section3\">\u00bfC\u00f3mo puedo evaluar a mi ni\u00f1o?<\/h3>\n<p><!-- \/wp:heading --><\/p>\n<p><!-- wp:paragraph -->Existe controversia en cuanto al diagn\u00f3stico de los trastornos del aprendizaje. Algunos expertos en el tema creen que este trastorno se diagnostica m\u00e1s de lo que se deber\u00eda. Diagnosticar trastornos del aprendizaje en ni\u00f1os peque\u00f1os puede ser controvertido, ya que a esa edad los peque\u00f1os aprenden a ritmos totalmente diferentes. De acuerdo con Liebman, no se puede llegar a un buen diagn\u00f3stico hasta que el ni\u00f1o est\u00e9 en tercer grado de primaria.<\/p>\n<p><!-- \/wp:paragraph --><\/p>\n<p><!-- wp:paragraph -->De cualquier manera se recomienda que tengas en cuenta cualquier preocupaci\u00f3n o inquietud que sientas respecto a tu hijo. Un buen diagn\u00f3stico y la intervenci\u00f3n temprana son cruciales y pueden tener un gran impacto en el futuro acad\u00e9mico de tu ni\u00f1o.<\/p>\n<p><!-- \/wp:paragraph --><\/p>\n<p><!-- wp:paragraph -->Si est\u00e1s preocupada por la capacidad de tu hijo para leer, escribir o hablar, conversa con personas que lo conocen, como por ejemplo, con su maestra. Los maestros suelen detectar r\u00e1pidamente los indicios tempranos de un trastorno del aprendizaje. Com\u00e9ntaselo tambi\u00e9n al pediatra de tu hijo.<\/p>\n<p><!-- \/wp:paragraph --><\/p>\n<p><!-- wp:paragraph -->En muchos casos, lo que parece ser un trastorno del aprendizaje no es m\u00e1s que un retroceso moment\u00e1neo, y tu hijo pronto lograr\u00e1 ponerse al mismo nivel que el resto de los ni\u00f1os. Pero tampoco es bueno simplemente esperar y ver qu\u00e9 pasa. Le har\u00e1s un favor a tu hijo si conf\u00edas en tus instintos y hablas con su maestra o doctor acerca de la posibilidad de hacerle una evaluaci\u00f3n.<\/p>\n<p><!-- \/wp:paragraph --><\/p>\n<p><!-- wp:paragraph -->Tu ni\u00f1o necesitar\u00e1 un examen formal para saber con certeza si tiene alg\u00fan problema. Esto, por lo general, lo lleva a cabo un sic\u00f3logo, un neurosic\u00f3logo infantil, un pediatra especializado o un siquiatra. Esta evaluaci\u00f3n se realiza en un consultorio y dura un par de horas. Tu ni\u00f1o tendr\u00e1 que hacer varias actividades usando juguetes y materiales educativos.<\/p>\n<p><!-- \/wp:paragraph --><\/p>\n<p><!-- wp:paragraph -->En los Estados Unidos, por ejemplo, por ley cada distrito debe contar con los medios para la evaluar, idenficar y planear programas para ni\u00f1os con alg\u00fan trastorno del aprendizaje. En otros pa\u00edses pregunta en la escuela de tu hijo si existe alg\u00fan programa similar.<\/p>[\/et_pb_text][et_pb_text admin_label=\u00bbAlejandra\u00bb _builder_version=\u00bb4.7.3&#8243; hover_enabled=\u00bb0&#8243; sticky_enabled=\u00bb0&#8243;]<p><a href=\"https:\/\/www.linkedin.com\/in\/alesoprano\/\" target=\"_blank\" rel=\"noopener noreferrer\"><img loading=\"lazy\" decoding=\"async\" class=\"alignnone wp-image-72449  aligncenter\" src=\"https:\/\/www.paratimami.com\/wp-content\/uploads\/2020\/03\/Janita-150x150.jpg\" alt=\"\" width=\"173\" height=\"173\" \/><\/a><\/p>\n<h2 style=\"text-align: center;\"><a href=\"https:\/\/www.linkedin.com\/in\/alesoprano\/\" target=\"_blank\" rel=\"noopener noreferrer\">Alejandra Jim\u00e9nez<\/a><\/h2>\n<p style=\"text-align: center;\"><strong>Mag\u00edster en Teor\u00edas de Aprendizaje de la Lengua Inglesa<\/strong><\/p>\n<p>&nbsp;<\/p>\n<p><em>Fuente<\/em>: <a href=\"https:\/\/espanol.babycenter.com\/\">BabyCenter<\/a><\/p>\n[\/et_pb_text][\/et_pb_column][\/et_pb_row][\/et_pb_section]","protected":false},"excerpt":{"rendered":"<p>Cada ni\u00f1o tiene su propio ritmo para aprender, pero si tu hijo tiene mucha dificultad para hablar o aprender n\u00fameros y letras, quiz\u00e1s tenga un trastorno del aprendizaje.<\/p>\n","protected":false},"author":2,"featured_media":295,"comment_status":"closed","ping_status":"closed","sticky":false,"template":"","format":"standard","meta":{"_et_pb_use_builder":"on","_et_pb_old_content":"","_et_gb_content_width":"","footnotes":""},"categories":[16],"tags":[15,14],"class_list":["post-293","post","type-post","status-publish","format-standard","has-post-thumbnail","hentry","category-blog","tag-aprendizaje","tag-trastorno-del-aprendizaje"],"yoast_head":"<!-- This site is optimized with the Yoast SEO plugin v26.6 - https:\/\/yoast.com\/wordpress\/plugins\/seo\/ -->\n<title>Se\u00f1ales tempranas de un trastorno del aprendizaje - Corporaci\u00f3n Vitaplay<\/title>\n<meta name=\"description\" content=\"\u00bfTu hijo tiene muchas dificultades para hablar o aprender los n\u00fameros y las letras? Quiz\u00e1s tenga un trastorno del aprendizaje.\" \/>\n<meta name=\"robots\" content=\"index, follow, max-snippet:-1, max-image-preview:large, max-video-preview:-1\" \/>\n<link rel=\"canonical\" href=\"https:\/\/vitaplay.cl\/?p=293\" \/>\n<meta property=\"og:locale\" content=\"es_ES\" \/>\n<meta property=\"og:type\" content=\"article\" \/>\n<meta property=\"og:title\" content=\"Se\u00f1ales tempranas de un trastorno del aprendizaje - Corporaci\u00f3n Vitaplay\" \/>\n<meta property=\"og:description\" content=\"\u00bfTu hijo tiene muchas dificultades para hablar o aprender los n\u00fameros y las letras? Quiz\u00e1s tenga un trastorno del aprendizaje.\" \/>\n<meta property=\"og:url\" content=\"https:\/\/vitaplay.cl\/?p=293\" \/>\n<meta property=\"og:site_name\" content=\"Corporaci\u00f3n Vitaplay\" \/>\n<meta property=\"article:published_time\" content=\"2020-05-13T04:06:19+00:00\" \/>\n<meta property=\"article:modified_time\" content=\"2020-11-24T01:48:59+00:00\" \/>\n<meta property=\"og:image\" content=\"https:\/\/vitaplay.cl\/wp-content\/uploads\/2020\/05\/IMG_2079.jpg\" \/>\n\t<meta property=\"og:image:width\" content=\"828\" \/>\n\t<meta property=\"og:image:height\" content=\"585\" \/>\n\t<meta property=\"og:image:type\" content=\"image\/jpeg\" \/>\n<meta name=\"twitter:card\" content=\"summary_large_image\" \/>\n<meta name=\"twitter:label1\" content=\"Escrito por\" \/>\n\t<meta name=\"twitter:data1\" content=\"\" \/>\n\t<meta name=\"twitter:label2\" content=\"Tiempo de lectura\" \/>\n\t<meta name=\"twitter:data2\" content=\"5 minutos\" \/>\n<script type=\"application\/ld+json\" class=\"yoast-schema-graph\">{\"@context\":\"https:\/\/schema.org\",\"@graph\":[{\"@type\":\"WebPage\",\"@id\":\"https:\/\/vitaplay.cl\/?p=293\",\"url\":\"https:\/\/vitaplay.cl\/?p=293\",\"name\":\"Se\u00f1ales tempranas de un trastorno del aprendizaje - Corporaci\u00f3n Vitaplay\",\"isPartOf\":{\"@id\":\"https:\/\/vitaplay.cl\/#website\"},\"primaryImageOfPage\":{\"@id\":\"https:\/\/vitaplay.cl\/?p=293#primaryimage\"},\"image\":{\"@id\":\"https:\/\/vitaplay.cl\/?p=293#primaryimage\"},\"thumbnailUrl\":\"https:\/\/vitaplay.cl\/wp-content\/uploads\/2020\/05\/IMG_2079.jpg\",\"datePublished\":\"2020-05-13T04:06:19+00:00\",\"dateModified\":\"2020-11-24T01:48:59+00:00\",\"author\":{\"@id\":\"\"},\"description\":\"\u00bfTu hijo tiene muchas dificultades para hablar o aprender los n\u00fameros y las letras? Quiz\u00e1s tenga un trastorno del aprendizaje.\",\"breadcrumb\":{\"@id\":\"https:\/\/vitaplay.cl\/?p=293#breadcrumb\"},\"inLanguage\":\"es\",\"potentialAction\":[{\"@type\":\"ReadAction\",\"target\":[\"https:\/\/vitaplay.cl\/?p=293\"]}]},{\"@type\":\"ImageObject\",\"inLanguage\":\"es\",\"@id\":\"https:\/\/vitaplay.cl\/?p=293#primaryimage\",\"url\":\"https:\/\/vitaplay.cl\/wp-content\/uploads\/2020\/05\/IMG_2079.jpg\",\"contentUrl\":\"https:\/\/vitaplay.cl\/wp-content\/uploads\/2020\/05\/IMG_2079.jpg\",\"width\":828,\"height\":585,\"caption\":\"Trastorno-aprendizaje\"},{\"@type\":\"BreadcrumbList\",\"@id\":\"https:\/\/vitaplay.cl\/?p=293#breadcrumb\",\"itemListElement\":[{\"@type\":\"ListItem\",\"position\":1,\"name\":\"Portada\",\"item\":\"https:\/\/vitaplay.cl\/\"},{\"@type\":\"ListItem\",\"position\":2,\"name\":\"Se\u00f1ales tempranas de un trastorno del aprendizaje\"}]},{\"@type\":\"WebSite\",\"@id\":\"https:\/\/vitaplay.cl\/#website\",\"url\":\"https:\/\/vitaplay.cl\/\",\"name\":\"Corporaci\u00f3n Vitaplay\",\"description\":\"Un mundo de aventuras\",\"potentialAction\":[{\"@type\":\"SearchAction\",\"target\":{\"@type\":\"EntryPoint\",\"urlTemplate\":\"https:\/\/vitaplay.cl\/?s={search_term_string}\"},\"query-input\":{\"@type\":\"PropertyValueSpecification\",\"valueRequired\":true,\"valueName\":\"search_term_string\"}}],\"inLanguage\":\"es\"},{\"@type\":\"Person\",\"@id\":\"\",\"url\":\"https:\/\/vitaplay.cl\/?author=2\"}]}<\/script>\n<!-- \/ Yoast SEO plugin. -->","yoast_head_json":{"title":"Se\u00f1ales tempranas de un trastorno del aprendizaje - Corporaci\u00f3n Vitaplay","description":"\u00bfTu hijo tiene muchas dificultades para hablar o aprender los n\u00fameros y las letras? Quiz\u00e1s tenga un trastorno del aprendizaje.","robots":{"index":"index","follow":"follow","max-snippet":"max-snippet:-1","max-image-preview":"max-image-preview:large","max-video-preview":"max-video-preview:-1"},"canonical":"https:\/\/vitaplay.cl\/?p=293","og_locale":"es_ES","og_type":"article","og_title":"Se\u00f1ales tempranas de un trastorno del aprendizaje - Corporaci\u00f3n Vitaplay","og_description":"\u00bfTu hijo tiene muchas dificultades para hablar o aprender los n\u00fameros y las letras? Quiz\u00e1s tenga un trastorno del aprendizaje.","og_url":"https:\/\/vitaplay.cl\/?p=293","og_site_name":"Corporaci\u00f3n Vitaplay","article_published_time":"2020-05-13T04:06:19+00:00","article_modified_time":"2020-11-24T01:48:59+00:00","og_image":[{"width":828,"height":585,"url":"https:\/\/vitaplay.cl\/wp-content\/uploads\/2020\/05\/IMG_2079.jpg","type":"image\/jpeg"}],"twitter_card":"summary_large_image","twitter_misc":{"Escrito por":"","Tiempo de lectura":"5 minutos"},"schema":{"@context":"https:\/\/schema.org","@graph":[{"@type":"WebPage","@id":"https:\/\/vitaplay.cl\/?p=293","url":"https:\/\/vitaplay.cl\/?p=293","name":"Se\u00f1ales tempranas de un trastorno del aprendizaje - Corporaci\u00f3n Vitaplay","isPartOf":{"@id":"https:\/\/vitaplay.cl\/#website"},"primaryImageOfPage":{"@id":"https:\/\/vitaplay.cl\/?p=293#primaryimage"},"image":{"@id":"https:\/\/vitaplay.cl\/?p=293#primaryimage"},"thumbnailUrl":"https:\/\/vitaplay.cl\/wp-content\/uploads\/2020\/05\/IMG_2079.jpg","datePublished":"2020-05-13T04:06:19+00:00","dateModified":"2020-11-24T01:48:59+00:00","author":{"@id":""},"description":"\u00bfTu hijo tiene muchas dificultades para hablar o aprender los n\u00fameros y las letras? Quiz\u00e1s tenga un trastorno del aprendizaje.","breadcrumb":{"@id":"https:\/\/vitaplay.cl\/?p=293#breadcrumb"},"inLanguage":"es","potentialAction":[{"@type":"ReadAction","target":["https:\/\/vitaplay.cl\/?p=293"]}]},{"@type":"ImageObject","inLanguage":"es","@id":"https:\/\/vitaplay.cl\/?p=293#primaryimage","url":"https:\/\/vitaplay.cl\/wp-content\/uploads\/2020\/05\/IMG_2079.jpg","contentUrl":"https:\/\/vitaplay.cl\/wp-content\/uploads\/2020\/05\/IMG_2079.jpg","width":828,"height":585,"caption":"Trastorno-aprendizaje"},{"@type":"BreadcrumbList","@id":"https:\/\/vitaplay.cl\/?p=293#breadcrumb","itemListElement":[{"@type":"ListItem","position":1,"name":"Portada","item":"https:\/\/vitaplay.cl\/"},{"@type":"ListItem","position":2,"name":"Se\u00f1ales tempranas de un trastorno del aprendizaje"}]},{"@type":"WebSite","@id":"https:\/\/vitaplay.cl\/#website","url":"https:\/\/vitaplay.cl\/","name":"Corporaci\u00f3n Vitaplay","description":"Un mundo de aventuras","potentialAction":[{"@type":"SearchAction","target":{"@type":"EntryPoint","urlTemplate":"https:\/\/vitaplay.cl\/?s={search_term_string}"},"query-input":{"@type":"PropertyValueSpecification","valueRequired":true,"valueName":"search_term_string"}}],"inLanguage":"es"},{"@type":"Person","@id":"","url":"https:\/\/vitaplay.cl\/?author=2"}]}},"_links":{"self":[{"href":"https:\/\/vitaplay.cl\/index.php?rest_route=\/wp\/v2\/posts\/293","targetHints":{"allow":["GET"]}}],"collection":[{"href":"https:\/\/vitaplay.cl\/index.php?rest_route=\/wp\/v2\/posts"}],"about":[{"href":"https:\/\/vitaplay.cl\/index.php?rest_route=\/wp\/v2\/types\/post"}],"author":[{"embeddable":true,"href":"https:\/\/vitaplay.cl\/index.php?rest_route=\/wp\/v2\/users\/2"}],"replies":[{"embeddable":true,"href":"https:\/\/vitaplay.cl\/index.php?rest_route=%2Fwp%2Fv2%2Fcomments&post=293"}],"version-history":[{"count":8,"href":"https:\/\/vitaplay.cl\/index.php?rest_route=\/wp\/v2\/posts\/293\/revisions"}],"predecessor-version":[{"id":1992,"href":"https:\/\/vitaplay.cl\/index.php?rest_route=\/wp\/v2\/posts\/293\/revisions\/1992"}],"wp:featuredmedia":[{"embeddable":true,"href":"https:\/\/vitaplay.cl\/index.php?rest_route=\/wp\/v2\/media\/295"}],"wp:attachment":[{"href":"https:\/\/vitaplay.cl\/index.php?rest_route=%2Fwp%2Fv2%2Fmedia&parent=293"}],"wp:term":[{"taxonomy":"category","embeddable":true,"href":"https:\/\/vitaplay.cl\/index.php?rest_route=%2Fwp%2Fv2%2Fcategories&post=293"},{"taxonomy":"post_tag","embeddable":true,"href":"https:\/\/vitaplay.cl\/index.php?rest_route=%2Fwp%2Fv2%2Ftags&post=293"}],"curies":[{"name":"wp","href":"https:\/\/api.w.org\/{rel}","templated":true}]}}