{"id":2689,"date":"2021-03-28T21:10:45","date_gmt":"2021-03-28T21:10:45","guid":{"rendered":"https:\/\/vitaplay.cl\/?p=2689"},"modified":"2021-03-29T21:44:18","modified_gmt":"2021-03-29T21:44:18","slug":"once-comunas-retroceden-a-cuarentena","status":"publish","type":"post","link":"https:\/\/vitaplay.cl\/?p=2689","title":{"rendered":"Once comunas retroceden a cuarentena"},"content":{"rendered":"[et_pb_section fb_built=\u00bb1&#8243; _builder_version=\u00bb4.7.4&#8243; _module_preset=\u00bbdefault\u00bb][et_pb_row _builder_version=\u00bb4.7.4&#8243; _module_preset=\u00bbdefault\u00bb][et_pb_column type=\u00bb4_4&#8243; _builder_version=\u00bb4.7.4&#8243; _module_preset=\u00bbdefault\u00bb][et_pb_text admin_label=\u00bbIntroducci\u00f3n\u00bb _builder_version=\u00bb4.9.2&#8243; _module_preset=\u00bbdefault\u00bb hover_enabled=\u00bb0&#8243; sticky_enabled=\u00bb0&#8243;]\n<p>A partir del jueves 1 de abril, a las 5:00 horas, once comunas entrar\u00e1n a <strong>cuarentena<\/strong> y cuatro volver\u00e1n a <strong>transici\u00f3n<\/strong>.<\/p>\n<p>Este lunes 29 de marzo el Gobierno dio nuevos anuncios relacionados con el Plan Paso a Paso, entre los que destaca el retroceso a <strong>cuarentena<\/strong> de once comunas, debido a las cifras negativas de la pandemia, que superaron los <a href=\"https:\/\/www.pauta.cl\/ciencia-y-tecnologia\/las-cifras-del-covid-19-chile-comparacion-con-paises-misma-cantidad-dias\" target=\"_blank\" rel=\"noopener\">siete mil contagiados y 101 personas fallecidas registradas en un d\u00eda.<\/a><\/p>\n<p><strong>Paso 1<\/strong><\/p>\n<p>Retroceden a Cuarentena el jueves 1 de abril a las 5:00 horas las siguientes comunas:<\/p>\n<ul>\n<li><strong>Puchuncav\u00ed<\/strong><\/li>\n<li><strong>Casablanca<\/strong><\/li>\n<li><strong>El Tabo<\/strong><\/li>\n<li><strong>La Ligua<\/strong><\/li>\n<li><strong>Malloa<\/strong><\/li>\n<li><strong>Pelluhue<\/strong><\/li>\n<li><strong>Santa B\u00e1rbara<\/strong><\/li>\n<li><strong>Victoria<\/strong><\/li>\n<li><strong>Teodoro Schmidt<\/strong><\/li>\n<li><strong>Puc\u00f3n<\/strong><\/li>\n<li><strong>Hualaihu\u00e9<\/strong><\/li>\n<\/ul>\n<p>&nbsp;<\/p>\n<p><strong>Paso 2<\/strong><\/p>\n<p>Retroceden a Transici\u00f3n el jueves 1 de abril a las 5:00 horas las siguientes comunas:<\/p>\n<ul>\n<li><strong>Mar\u00eda Elena<\/strong><\/li>\n<li><strong>San Esteban<\/strong><\/li>\n<li><strong>Peralillo<\/strong><\/li>\n<li><strong>Bulnes<\/strong><\/li>\n<\/ul>\n<p>&nbsp;<\/p>\n<p><strong>Paso 3<\/strong><\/p>\n<p>Retroceden a Preparaci\u00f3n el jueves 1 de abril a las 5:00 horas las siguientes comunas:<\/p>\n<ul>\n<li><strong>Guaitecas<\/strong><\/li>\n<li><strong>Cabo de Hornos<\/strong><\/li>\n<\/ul>\n<p>&nbsp;<\/p>\n<p>Avanzan a Preparaci\u00f3n el jueves 1 de abril a las 5:00 horas las siguientes comunas:<\/p>\n<ul>\n<li><strong>Huara<\/strong><\/li>\n<li><strong>San Pedro de Atacama<\/strong><\/li>\n<li><strong>Petorca<\/strong><\/li>\n<li><strong>Palena<\/strong><\/li>\n<\/ul>\n<p>&nbsp;<\/p>\n<p><strong><span class=\"subtit-sinlink\">Toque de queda<\/span><\/strong><\/p>\n<p>Recuerde que desde el s\u00e1bado 13 de marzo, el horario del toque de queda para todo el pa\u00eds parte a las 22:00 horas y finaliza a las 05:00 horas.<\/p>\n<p>&nbsp;<\/p>\n<div class=\"content\">\n<p><img loading=\"lazy\" decoding=\"async\" class=\"wp-image-1314 \" src=\"https:\/\/vitaplay.cl\/wp-content\/uploads\/2020\/06\/Logo_Corporacion-300x116.png\" alt=\"Corporacion Educacional Play\" width=\"251\" height=\"97\" srcset=\"https:\/\/vitaplay.cl\/wp-content\/uploads\/2020\/06\/Logo_Corporacion-300x116.png 300w, https:\/\/vitaplay.cl\/wp-content\/uploads\/2020\/06\/Logo_Corporacion.png 400w\" sizes=\"(max-width: 251px) 100vw, 251px\" \/><\/p>\n<p>&nbsp;<\/p>\n<\/div>\n[\/et_pb_text][et_pb_image src=\u00bbhttps:\/\/vitaplay.cl\/wp-content\/uploads\/2021\/03\/Cuarentena.jpg\u00bb alt=\u00bbCuarentena\u00bb title_text=\u00bbCuarentena\u00bb align=\u00bbcenter\u00bb _builder_version=\u00bb4.9.2&#8243; _module_preset=\u00bbdefault\u00bb][\/et_pb_image][et_pb_text _builder_version=\u00bb4.9.2&#8243; _module_preset=\u00bbdefault\u00bb hover_enabled=\u00bb0&#8243; sticky_enabled=\u00bb0&#8243;]\n<p style=\"text-align: center;\">Fotograf\u00eda: <a href=\"https:\/\/www.pauta.cl\">Pauta<\/a><\/p>\n<p>&nbsp;<\/p>\n[\/et_pb_text][\/et_pb_column][\/et_pb_row][\/et_pb_section]\n","protected":false},"excerpt":{"rendered":"<p>A partir del jueves 1 de abril, a las 5:00 horas, once comunas entrar\u00e1n a cuarentena y cuatro volver\u00e1n a transici\u00f3n. Revise aqu\u00ed la situaci\u00f3n nacional.<\/p>\n","protected":false},"author":2,"featured_media":2580,"comment_status":"closed","ping_status":"closed","sticky":false,"template":"","format":"standard","meta":{"_et_pb_use_builder":"on","_et_pb_old_content":"","_et_gb_content_width":"","footnotes":""},"categories":[17],"tags":[121,37,131],"class_list":["post-2689","post","type-post","status-publish","format-standard","has-post-thumbnail","hentry","category-noticias","tag-covid","tag-covid-19","tag-cuarentena"],"yoast_head":"<!-- This site is optimized with the Yoast SEO plugin v26.6 - https:\/\/yoast.com\/wordpress\/plugins\/seo\/ -->\n<title>Once comunas retroceden a cuarentena<\/title>\n<meta name=\"description\" content=\"A partir del jueves 1 de abril, a las 5:00 horas, once comunas entrar\u00e1n a cuarentena y cuatro volver\u00e1n a transici\u00f3n. Revise aqu\u00ed la situaci\u00f3n nacional.\" \/>\n<meta name=\"robots\" content=\"index, follow, max-snippet:-1, max-image-preview:large, max-video-preview:-1\" \/>\n<link rel=\"canonical\" href=\"https:\/\/vitaplay.cl\/?p=2689\" \/>\n<meta property=\"og:locale\" content=\"es_ES\" \/>\n<meta property=\"og:type\" content=\"article\" \/>\n<meta property=\"og:title\" content=\"Once comunas retroceden a cuarentena\" \/>\n<meta property=\"og:description\" content=\"A partir del jueves 1 de abril, a las 5:00 horas, once comunas entrar\u00e1n a cuarentena y cuatro volver\u00e1n a transici\u00f3n. Revise aqu\u00ed la situaci\u00f3n nacional.\" \/>\n<meta property=\"og:url\" content=\"https:\/\/vitaplay.cl\/?p=2689\" \/>\n<meta property=\"og:site_name\" content=\"Corporaci\u00f3n Vitaplay\" \/>\n<meta property=\"article:published_time\" content=\"2021-03-28T21:10:45+00:00\" \/>\n<meta property=\"article:modified_time\" content=\"2021-03-29T21:44:18+00:00\" \/>\n<meta property=\"og:image\" content=\"https:\/\/vitaplay.cl\/wp-content\/uploads\/2021\/03\/Cuarentena.jpg\" \/>\n\t<meta property=\"og:image:width\" content=\"600\" \/>\n\t<meta property=\"og:image:height\" content=\"401\" \/>\n\t<meta property=\"og:image:type\" content=\"image\/jpeg\" \/>\n<meta name=\"twitter:card\" content=\"summary_large_image\" \/>\n<meta name=\"twitter:label1\" content=\"Escrito por\" \/>\n\t<meta name=\"twitter:data1\" content=\"\" \/>\n\t<meta name=\"twitter:label2\" content=\"Tiempo de lectura\" \/>\n\t<meta name=\"twitter:data2\" content=\"2 minutos\" \/>\n<script type=\"application\/ld+json\" class=\"yoast-schema-graph\">{\"@context\":\"https:\/\/schema.org\",\"@graph\":[{\"@type\":\"WebPage\",\"@id\":\"https:\/\/vitaplay.cl\/?p=2689\",\"url\":\"https:\/\/vitaplay.cl\/?p=2689\",\"name\":\"Once comunas retroceden a cuarentena\",\"isPartOf\":{\"@id\":\"https:\/\/vitaplay.cl\/#website\"},\"primaryImageOfPage\":{\"@id\":\"https:\/\/vitaplay.cl\/?p=2689#primaryimage\"},\"image\":{\"@id\":\"https:\/\/vitaplay.cl\/?p=2689#primaryimage\"},\"thumbnailUrl\":\"https:\/\/vitaplay.cl\/wp-content\/uploads\/2021\/03\/Cuarentena.jpg\",\"datePublished\":\"2021-03-28T21:10:45+00:00\",\"dateModified\":\"2021-03-29T21:44:18+00:00\",\"author\":{\"@id\":\"\"},\"description\":\"A partir del jueves 1 de abril, a las 5:00 horas, once comunas entrar\u00e1n a cuarentena y cuatro volver\u00e1n a transici\u00f3n. Revise aqu\u00ed la situaci\u00f3n nacional.\",\"breadcrumb\":{\"@id\":\"https:\/\/vitaplay.cl\/?p=2689#breadcrumb\"},\"inLanguage\":\"es\",\"potentialAction\":[{\"@type\":\"ReadAction\",\"target\":[\"https:\/\/vitaplay.cl\/?p=2689\"]}]},{\"@type\":\"ImageObject\",\"inLanguage\":\"es\",\"@id\":\"https:\/\/vitaplay.cl\/?p=2689#primaryimage\",\"url\":\"https:\/\/vitaplay.cl\/wp-content\/uploads\/2021\/03\/Cuarentena.jpg\",\"contentUrl\":\"https:\/\/vitaplay.cl\/wp-content\/uploads\/2021\/03\/Cuarentena.jpg\",\"width\":600,\"height\":401,\"caption\":\"Cuarentena\"},{\"@type\":\"BreadcrumbList\",\"@id\":\"https:\/\/vitaplay.cl\/?p=2689#breadcrumb\",\"itemListElement\":[{\"@type\":\"ListItem\",\"position\":1,\"name\":\"Portada\",\"item\":\"https:\/\/vitaplay.cl\/\"},{\"@type\":\"ListItem\",\"position\":2,\"name\":\"Once comunas retroceden a cuarentena\"}]},{\"@type\":\"WebSite\",\"@id\":\"https:\/\/vitaplay.cl\/#website\",\"url\":\"https:\/\/vitaplay.cl\/\",\"name\":\"Corporaci\u00f3n Vitaplay\",\"description\":\"Un mundo de aventuras\",\"potentialAction\":[{\"@type\":\"SearchAction\",\"target\":{\"@type\":\"EntryPoint\",\"urlTemplate\":\"https:\/\/vitaplay.cl\/?s={search_term_string}\"},\"query-input\":{\"@type\":\"PropertyValueSpecification\",\"valueRequired\":true,\"valueName\":\"search_term_string\"}}],\"inLanguage\":\"es\"},{\"@type\":\"Person\",\"@id\":\"\",\"url\":\"https:\/\/vitaplay.cl\/?author=2\"}]}<\/script>\n<!-- \/ Yoast SEO plugin. -->","yoast_head_json":{"title":"Once comunas retroceden a cuarentena","description":"A partir del jueves 1 de abril, a las 5:00 horas, once comunas entrar\u00e1n a cuarentena y cuatro volver\u00e1n a transici\u00f3n. Revise aqu\u00ed la situaci\u00f3n nacional.","robots":{"index":"index","follow":"follow","max-snippet":"max-snippet:-1","max-image-preview":"max-image-preview:large","max-video-preview":"max-video-preview:-1"},"canonical":"https:\/\/vitaplay.cl\/?p=2689","og_locale":"es_ES","og_type":"article","og_title":"Once comunas retroceden a cuarentena","og_description":"A partir del jueves 1 de abril, a las 5:00 horas, once comunas entrar\u00e1n a cuarentena y cuatro volver\u00e1n a transici\u00f3n. Revise aqu\u00ed la situaci\u00f3n nacional.","og_url":"https:\/\/vitaplay.cl\/?p=2689","og_site_name":"Corporaci\u00f3n Vitaplay","article_published_time":"2021-03-28T21:10:45+00:00","article_modified_time":"2021-03-29T21:44:18+00:00","og_image":[{"width":600,"height":401,"url":"https:\/\/vitaplay.cl\/wp-content\/uploads\/2021\/03\/Cuarentena.jpg","type":"image\/jpeg"}],"twitter_card":"summary_large_image","twitter_misc":{"Escrito por":"","Tiempo de lectura":"2 minutos"},"schema":{"@context":"https:\/\/schema.org","@graph":[{"@type":"WebPage","@id":"https:\/\/vitaplay.cl\/?p=2689","url":"https:\/\/vitaplay.cl\/?p=2689","name":"Once comunas retroceden a cuarentena","isPartOf":{"@id":"https:\/\/vitaplay.cl\/#website"},"primaryImageOfPage":{"@id":"https:\/\/vitaplay.cl\/?p=2689#primaryimage"},"image":{"@id":"https:\/\/vitaplay.cl\/?p=2689#primaryimage"},"thumbnailUrl":"https:\/\/vitaplay.cl\/wp-content\/uploads\/2021\/03\/Cuarentena.jpg","datePublished":"2021-03-28T21:10:45+00:00","dateModified":"2021-03-29T21:44:18+00:00","author":{"@id":""},"description":"A partir del jueves 1 de abril, a las 5:00 horas, once comunas entrar\u00e1n a cuarentena y cuatro volver\u00e1n a transici\u00f3n. Revise aqu\u00ed la situaci\u00f3n nacional.","breadcrumb":{"@id":"https:\/\/vitaplay.cl\/?p=2689#breadcrumb"},"inLanguage":"es","potentialAction":[{"@type":"ReadAction","target":["https:\/\/vitaplay.cl\/?p=2689"]}]},{"@type":"ImageObject","inLanguage":"es","@id":"https:\/\/vitaplay.cl\/?p=2689#primaryimage","url":"https:\/\/vitaplay.cl\/wp-content\/uploads\/2021\/03\/Cuarentena.jpg","contentUrl":"https:\/\/vitaplay.cl\/wp-content\/uploads\/2021\/03\/Cuarentena.jpg","width":600,"height":401,"caption":"Cuarentena"},{"@type":"BreadcrumbList","@id":"https:\/\/vitaplay.cl\/?p=2689#breadcrumb","itemListElement":[{"@type":"ListItem","position":1,"name":"Portada","item":"https:\/\/vitaplay.cl\/"},{"@type":"ListItem","position":2,"name":"Once comunas retroceden a cuarentena"}]},{"@type":"WebSite","@id":"https:\/\/vitaplay.cl\/#website","url":"https:\/\/vitaplay.cl\/","name":"Corporaci\u00f3n Vitaplay","description":"Un mundo de aventuras","potentialAction":[{"@type":"SearchAction","target":{"@type":"EntryPoint","urlTemplate":"https:\/\/vitaplay.cl\/?s={search_term_string}"},"query-input":{"@type":"PropertyValueSpecification","valueRequired":true,"valueName":"search_term_string"}}],"inLanguage":"es"},{"@type":"Person","@id":"","url":"https:\/\/vitaplay.cl\/?author=2"}]}},"_links":{"self":[{"href":"https:\/\/vitaplay.cl\/index.php?rest_route=\/wp\/v2\/posts\/2689","targetHints":{"allow":["GET"]}}],"collection":[{"href":"https:\/\/vitaplay.cl\/index.php?rest_route=\/wp\/v2\/posts"}],"about":[{"href":"https:\/\/vitaplay.cl\/index.php?rest_route=\/wp\/v2\/types\/post"}],"author":[{"embeddable":true,"href":"https:\/\/vitaplay.cl\/index.php?rest_route=\/wp\/v2\/users\/2"}],"replies":[{"embeddable":true,"href":"https:\/\/vitaplay.cl\/index.php?rest_route=%2Fwp%2Fv2%2Fcomments&post=2689"}],"version-history":[{"count":6,"href":"https:\/\/vitaplay.cl\/index.php?rest_route=\/wp\/v2\/posts\/2689\/revisions"}],"predecessor-version":[{"id":2700,"href":"https:\/\/vitaplay.cl\/index.php?rest_route=\/wp\/v2\/posts\/2689\/revisions\/2700"}],"wp:featuredmedia":[{"embeddable":true,"href":"https:\/\/vitaplay.cl\/index.php?rest_route=\/wp\/v2\/media\/2580"}],"wp:attachment":[{"href":"https:\/\/vitaplay.cl\/index.php?rest_route=%2Fwp%2Fv2%2Fmedia&parent=2689"}],"wp:term":[{"taxonomy":"category","embeddable":true,"href":"https:\/\/vitaplay.cl\/index.php?rest_route=%2Fwp%2Fv2%2Fcategories&post=2689"},{"taxonomy":"post_tag","embeddable":true,"href":"https:\/\/vitaplay.cl\/index.php?rest_route=%2Fwp%2Fv2%2Ftags&post=2689"}],"curies":[{"name":"wp","href":"https:\/\/api.w.org\/{rel}","templated":true}]}}