{"id":2556,"date":"2021-05-28T05:02:06","date_gmt":"2021-05-28T05:02:06","guid":{"rendered":"https:\/\/vitaplay.cl\/?p=2556"},"modified":"2021-05-06T02:10:34","modified_gmt":"2021-05-06T02:10:34","slug":"calendario-escolar-y-unidad-tematica-para-junio-2021","status":"publish","type":"post","link":"https:\/\/vitaplay.cl\/?p=2556","title":{"rendered":"Calendario escolar y unidad tem\u00e1tica para junio 2021"},"content":{"rendered":"[et_pb_section fb_built=\u00bb1&#8243; _builder_version=\u00bb4.7.4&#8243; _module_preset=\u00bbdefault\u00bb][et_pb_row _builder_version=\u00bb4.7.4&#8243; _module_preset=\u00bbdefault\u00bb][et_pb_column type=\u00bb4_4&#8243; _builder_version=\u00bb4.7.4&#8243; _module_preset=\u00bbdefault\u00bb][et_pb_text admin_label=\u00bbIntroducci\u00f3n\u00bb _builder_version=\u00bb4.9.4&#8243; _module_preset=\u00bbdefault\u00bb]\n<p>Continuamos con el mes de junio de 2021 y la programaci\u00f3n de actividades escolares. Aqu\u00ed tienes el calendario con las fechas importantes, adem\u00e1s de la unidad tem\u00e1tica a desarrollar y el valor correspondiente.<\/p>\n<p>&nbsp;<\/p>\n<p>Unidad tem\u00e1tica para el mes de junio: <strong>Un viaje al universo.<\/strong><\/p>\n<p>Valor del mes: <strong>Creatividad.<\/strong><\/p>\n<p>&nbsp;<\/p>\n[\/et_pb_text][et_pb_image src=\u00bbhttps:\/\/vitaplay.cl\/wp-content\/uploads\/2021\/05\/Win\u0303ol-Tripantu.jpg\u00bb alt=\u00bbWin\u0303ol Tripantu\u00bb title_text=\u00bbWin\u0303ol Tripantu\u00bb align=\u00bbcenter\u00bb _builder_version=\u00bb4.9.2&#8243; _module_preset=\u00bbdefault\u00bb][\/et_pb_image][et_pb_text _builder_version=\u00bb4.9.2&#8243; _module_preset=\u00bbdefault\u00bb]\n<p style=\"text-align: center;\">Fotograf\u00eda: <a href=\"https:\/\/politicaindigenanews.wordpress.com\/2014\/06\/23\/el-pueblo-mapuche-celebra-el-winol-tripantu\/\">Pol\u00edtica Ind\u00edgena Noticias<\/a><\/p>\n<h4>\u00a0<\/h4>\n<h4>Junio 2021<\/h4>\n<table style=\"border-collapse: collapse; width: 74.1784%; height: 161px;\" border=\"1\">\n<tbody>\n<tr style=\"height: 23px;\">\n<td style=\"width: 11.4274%; text-align: center; height: 23px;\"><strong>D\u00eda<\/strong><\/td>\n<td style=\"width: 62.7509%; height: 23px; text-align: center;\"><strong>Evento<\/strong><\/td>\n<\/tr>\n<tr style=\"height: 23px;\">\n<td style=\"width: 11.4274%; text-align: center; height: 23px;\"><strong>03<\/strong><\/td>\n<td style=\"width: 62.7509%; height: 23px;\"><strong>3ra Reuni\u00f3n Consejo Escolar.<\/strong><\/td>\n<\/tr>\n<tr style=\"height: 23px;\">\n<td style=\"width: 11.4274%; text-align: center; height: 23px;\"><strong>05<\/strong><\/td>\n<td style=\"width: 62.7509%; height: 23px;\"><strong>D\u00eda Mundial del Medio Ambiente.<\/strong><\/td>\n<\/tr>\n<tr style=\"height: 23px;\">\n<td style=\"width: 11.4274%; text-align: center; height: 23px;\"><strong>07<\/strong><\/td>\n<td style=\"width: 62.7509%; height: 23px;\"><strong>2do Taller Proyecto Educativo Institucional (PEI).<\/strong><\/td>\n<\/tr>\n<tr style=\"height: 23px;\">\n<td style=\"width: 11.4274%; text-align: center; height: 23px;\"><strong>11<\/strong><\/td>\n<td style=\"width: 62.7509%; height: 23px;\"><strong>D\u00eda del Padre.<\/strong><\/td>\n<\/tr>\n<tr style=\"height: 23px;\">\n<td style=\"width: 11.4274%; text-align: center; height: 23px;\"><strong>12<\/strong><\/td>\n<td style=\"width: 62.7509%; height: 23px;\"><strong>D\u00eda Mundial Contra el Trabajo Infantil.<\/strong><\/td>\n<\/tr>\n<tr>\n<td style=\"width: 11.4274%; text-align: center;\"><strong>14<\/strong><\/td>\n<td style=\"width: 62.7509%;\"><strong>D\u00eda del Buen Trato al Adulto Mayor.<\/strong><\/td>\n<\/tr>\n<tr>\n<td style=\"width: 11.4274%; text-align: center;\"><strong>19<\/strong><\/td>\n<td style=\"width: 62.7509%;\"><strong>D\u00eda Mundial para la Prevenci\u00f3n del Abuso Sexual.<\/strong><\/td>\n<\/tr>\n<tr>\n<td style=\"width: 11.4274%; text-align: center;\"><strong>21<\/strong><\/td>\n<td style=\"width: 62.7509%;\"><strong>Wi\u00f1ol Tripantu.<\/strong><\/td>\n<\/tr>\n<tr>\n<td style=\"width: 11.4274%; text-align: center;\"><strong>21 al 25<\/strong><\/td>\n<td style=\"width: 62.7509%;\"><strong>Semana de los Pueblos Ind\u00edgenas.<\/strong><\/td>\n<\/tr>\n<tr>\n<td style=\"width: 11.4274%; text-align: center;\"><strong>24<\/strong><\/td>\n<td style=\"width: 62.7509%;\"><strong>D\u00eda Nacional de los Pueblos Originarios.<\/strong><\/td>\n<\/tr>\n<tr>\n<td style=\"width: 11.4274%; text-align: center;\"><strong>26<\/strong><\/td>\n<td style=\"width: 62.7509%;\"><strong>D\u00eda Nacional de la Prevenci\u00f3n del Consumo de Drogas.<\/strong><\/td>\n<\/tr>\n<tr>\n<td style=\"width: 11.4274%; text-align: center;\"><strong>28<\/strong><\/td>\n<td style=\"width: 62.7509%;\"><strong>San Pedro y San Pablo.<\/strong><\/td>\n<\/tr>\n<\/tbody>\n<\/table>\n<p>&nbsp;<\/p>\n<p>&nbsp;<\/p>\n[\/et_pb_text][\/et_pb_column][\/et_pb_row][\/et_pb_section]\n","protected":false},"excerpt":{"rendered":"<p>Calendario escolar y efem\u00e9rides para el mes de junio. Unidad tem\u00e1tica y valor a desarrollar durante el mes.<\/p>\n","protected":false},"author":2,"featured_media":2561,"comment_status":"closed","ping_status":"closed","sticky":false,"template":"","format":"standard","meta":{"_et_pb_use_builder":"on","_et_pb_old_content":"","_et_gb_content_width":"","footnotes":""},"categories":[17],"tags":[127,130,51,129,128],"class_list":["post-2556","post","type-post","status-publish","format-standard","has-post-thumbnail","hentry","category-noticias","tag-calendario-escolar","tag-efemerides","tag-mineduc","tag-unidad-tematica","tag-valores"],"yoast_head":"<!-- This site is optimized with the Yoast SEO plugin v26.6 - https:\/\/yoast.com\/wordpress\/plugins\/seo\/ -->\n<title>Calendario escolar y unidad tem\u00e1tica para junio 2021<\/title>\n<meta name=\"description\" content=\"Calendario escolar y efem\u00e9rides para el mes de junio. Unidad tem\u00e1tica y valor a desarrollar durante el mes.\" \/>\n<meta name=\"robots\" content=\"index, follow, max-snippet:-1, max-image-preview:large, max-video-preview:-1\" \/>\n<link rel=\"canonical\" href=\"https:\/\/vitaplay.cl\/?p=2556\" \/>\n<meta property=\"og:locale\" content=\"es_ES\" \/>\n<meta property=\"og:type\" content=\"article\" \/>\n<meta property=\"og:title\" content=\"Calendario escolar y unidad tem\u00e1tica para junio 2021\" \/>\n<meta property=\"og:description\" content=\"Calendario escolar y efem\u00e9rides para el mes de junio. Unidad tem\u00e1tica y valor a desarrollar durante el mes.\" \/>\n<meta property=\"og:url\" content=\"https:\/\/vitaplay.cl\/?p=2556\" \/>\n<meta property=\"og:site_name\" content=\"Corporaci\u00f3n Vitaplay\" \/>\n<meta property=\"article:published_time\" content=\"2021-05-28T05:02:06+00:00\" \/>\n<meta property=\"og:image\" content=\"https:\/\/vitaplay.cl\/wp-content\/uploads\/2021\/05\/Win\u0303ol-Tripantu.jpg\" \/>\n\t<meta property=\"og:image:width\" content=\"600\" \/>\n\t<meta property=\"og:image:height\" content=\"397\" \/>\n\t<meta property=\"og:image:type\" content=\"image\/jpeg\" \/>\n<meta name=\"twitter:card\" content=\"summary_large_image\" \/>\n<meta name=\"twitter:label1\" content=\"Escrito por\" \/>\n\t<meta name=\"twitter:data1\" content=\"\" \/>\n\t<meta name=\"twitter:label2\" content=\"Tiempo de lectura\" \/>\n\t<meta name=\"twitter:data2\" content=\"1 minuto\" \/>\n<script type=\"application\/ld+json\" class=\"yoast-schema-graph\">{\"@context\":\"https:\/\/schema.org\",\"@graph\":[{\"@type\":\"WebPage\",\"@id\":\"https:\/\/vitaplay.cl\/?p=2556\",\"url\":\"https:\/\/vitaplay.cl\/?p=2556\",\"name\":\"Calendario escolar y unidad tem\u00e1tica para junio 2021\",\"isPartOf\":{\"@id\":\"https:\/\/vitaplay.cl\/#website\"},\"primaryImageOfPage\":{\"@id\":\"https:\/\/vitaplay.cl\/?p=2556#primaryimage\"},\"image\":{\"@id\":\"https:\/\/vitaplay.cl\/?p=2556#primaryimage\"},\"thumbnailUrl\":\"https:\/\/vitaplay.cl\/wp-content\/uploads\/2021\/05\/Win\u0303ol-Tripantu.jpg\",\"datePublished\":\"2021-05-28T05:02:06+00:00\",\"author\":{\"@id\":\"\"},\"description\":\"Calendario escolar y efem\u00e9rides para el mes de junio. Unidad tem\u00e1tica y valor a desarrollar durante el mes.\",\"breadcrumb\":{\"@id\":\"https:\/\/vitaplay.cl\/?p=2556#breadcrumb\"},\"inLanguage\":\"es\",\"potentialAction\":[{\"@type\":\"ReadAction\",\"target\":[\"https:\/\/vitaplay.cl\/?p=2556\"]}]},{\"@type\":\"ImageObject\",\"inLanguage\":\"es\",\"@id\":\"https:\/\/vitaplay.cl\/?p=2556#primaryimage\",\"url\":\"https:\/\/vitaplay.cl\/wp-content\/uploads\/2021\/05\/Win\u0303ol-Tripantu.jpg\",\"contentUrl\":\"https:\/\/vitaplay.cl\/wp-content\/uploads\/2021\/05\/Win\u0303ol-Tripantu.jpg\",\"width\":600,\"height\":397,\"caption\":\"Win\u0303ol Tripantu\"},{\"@type\":\"BreadcrumbList\",\"@id\":\"https:\/\/vitaplay.cl\/?p=2556#breadcrumb\",\"itemListElement\":[{\"@type\":\"ListItem\",\"position\":1,\"name\":\"Portada\",\"item\":\"https:\/\/vitaplay.cl\/\"},{\"@type\":\"ListItem\",\"position\":2,\"name\":\"Calendario escolar y unidad tem\u00e1tica para junio 2021\"}]},{\"@type\":\"WebSite\",\"@id\":\"https:\/\/vitaplay.cl\/#website\",\"url\":\"https:\/\/vitaplay.cl\/\",\"name\":\"Corporaci\u00f3n Vitaplay\",\"description\":\"Un mundo de aventuras\",\"potentialAction\":[{\"@type\":\"SearchAction\",\"target\":{\"@type\":\"EntryPoint\",\"urlTemplate\":\"https:\/\/vitaplay.cl\/?s={search_term_string}\"},\"query-input\":{\"@type\":\"PropertyValueSpecification\",\"valueRequired\":true,\"valueName\":\"search_term_string\"}}],\"inLanguage\":\"es\"},{\"@type\":\"Person\",\"@id\":\"\",\"url\":\"https:\/\/vitaplay.cl\/?author=2\"}]}<\/script>\n<!-- \/ Yoast SEO plugin. -->","yoast_head_json":{"title":"Calendario escolar y unidad tem\u00e1tica para junio 2021","description":"Calendario escolar y efem\u00e9rides para el mes de junio. Unidad tem\u00e1tica y valor a desarrollar durante el mes.","robots":{"index":"index","follow":"follow","max-snippet":"max-snippet:-1","max-image-preview":"max-image-preview:large","max-video-preview":"max-video-preview:-1"},"canonical":"https:\/\/vitaplay.cl\/?p=2556","og_locale":"es_ES","og_type":"article","og_title":"Calendario escolar y unidad tem\u00e1tica para junio 2021","og_description":"Calendario escolar y efem\u00e9rides para el mes de junio. Unidad tem\u00e1tica y valor a desarrollar durante el mes.","og_url":"https:\/\/vitaplay.cl\/?p=2556","og_site_name":"Corporaci\u00f3n Vitaplay","article_published_time":"2021-05-28T05:02:06+00:00","og_image":[{"width":600,"height":397,"url":"https:\/\/vitaplay.cl\/wp-content\/uploads\/2021\/05\/Win\u0303ol-Tripantu.jpg","type":"image\/jpeg"}],"twitter_card":"summary_large_image","twitter_misc":{"Escrito por":"","Tiempo de lectura":"1 minuto"},"schema":{"@context":"https:\/\/schema.org","@graph":[{"@type":"WebPage","@id":"https:\/\/vitaplay.cl\/?p=2556","url":"https:\/\/vitaplay.cl\/?p=2556","name":"Calendario escolar y unidad tem\u00e1tica para junio 2021","isPartOf":{"@id":"https:\/\/vitaplay.cl\/#website"},"primaryImageOfPage":{"@id":"https:\/\/vitaplay.cl\/?p=2556#primaryimage"},"image":{"@id":"https:\/\/vitaplay.cl\/?p=2556#primaryimage"},"thumbnailUrl":"https:\/\/vitaplay.cl\/wp-content\/uploads\/2021\/05\/Win\u0303ol-Tripantu.jpg","datePublished":"2021-05-28T05:02:06+00:00","author":{"@id":""},"description":"Calendario escolar y efem\u00e9rides para el mes de junio. Unidad tem\u00e1tica y valor a desarrollar durante el mes.","breadcrumb":{"@id":"https:\/\/vitaplay.cl\/?p=2556#breadcrumb"},"inLanguage":"es","potentialAction":[{"@type":"ReadAction","target":["https:\/\/vitaplay.cl\/?p=2556"]}]},{"@type":"ImageObject","inLanguage":"es","@id":"https:\/\/vitaplay.cl\/?p=2556#primaryimage","url":"https:\/\/vitaplay.cl\/wp-content\/uploads\/2021\/05\/Win\u0303ol-Tripantu.jpg","contentUrl":"https:\/\/vitaplay.cl\/wp-content\/uploads\/2021\/05\/Win\u0303ol-Tripantu.jpg","width":600,"height":397,"caption":"Win\u0303ol Tripantu"},{"@type":"BreadcrumbList","@id":"https:\/\/vitaplay.cl\/?p=2556#breadcrumb","itemListElement":[{"@type":"ListItem","position":1,"name":"Portada","item":"https:\/\/vitaplay.cl\/"},{"@type":"ListItem","position":2,"name":"Calendario escolar y unidad tem\u00e1tica para junio 2021"}]},{"@type":"WebSite","@id":"https:\/\/vitaplay.cl\/#website","url":"https:\/\/vitaplay.cl\/","name":"Corporaci\u00f3n Vitaplay","description":"Un mundo de aventuras","potentialAction":[{"@type":"SearchAction","target":{"@type":"EntryPoint","urlTemplate":"https:\/\/vitaplay.cl\/?s={search_term_string}"},"query-input":{"@type":"PropertyValueSpecification","valueRequired":true,"valueName":"search_term_string"}}],"inLanguage":"es"},{"@type":"Person","@id":"","url":"https:\/\/vitaplay.cl\/?author=2"}]}},"_links":{"self":[{"href":"https:\/\/vitaplay.cl\/index.php?rest_route=\/wp\/v2\/posts\/2556","targetHints":{"allow":["GET"]}}],"collection":[{"href":"https:\/\/vitaplay.cl\/index.php?rest_route=\/wp\/v2\/posts"}],"about":[{"href":"https:\/\/vitaplay.cl\/index.php?rest_route=\/wp\/v2\/types\/post"}],"author":[{"embeddable":true,"href":"https:\/\/vitaplay.cl\/index.php?rest_route=\/wp\/v2\/users\/2"}],"replies":[{"embeddable":true,"href":"https:\/\/vitaplay.cl\/index.php?rest_route=%2Fwp%2Fv2%2Fcomments&post=2556"}],"version-history":[{"count":7,"href":"https:\/\/vitaplay.cl\/index.php?rest_route=\/wp\/v2\/posts\/2556\/revisions"}],"predecessor-version":[{"id":3009,"href":"https:\/\/vitaplay.cl\/index.php?rest_route=\/wp\/v2\/posts\/2556\/revisions\/3009"}],"wp:featuredmedia":[{"embeddable":true,"href":"https:\/\/vitaplay.cl\/index.php?rest_route=\/wp\/v2\/media\/2561"}],"wp:attachment":[{"href":"https:\/\/vitaplay.cl\/index.php?rest_route=%2Fwp%2Fv2%2Fmedia&parent=2556"}],"wp:term":[{"taxonomy":"category","embeddable":true,"href":"https:\/\/vitaplay.cl\/index.php?rest_route=%2Fwp%2Fv2%2Fcategories&post=2556"},{"taxonomy":"post_tag","embeddable":true,"href":"https:\/\/vitaplay.cl\/index.php?rest_route=%2Fwp%2Fv2%2Ftags&post=2556"}],"curies":[{"name":"wp","href":"https:\/\/api.w.org\/{rel}","templated":true}]}}