{"id":2444,"date":"2021-02-25T23:28:58","date_gmt":"2021-02-25T23:28:58","guid":{"rendered":"https:\/\/vitaplay.cl\/?p=2444"},"modified":"2021-03-14T01:49:28","modified_gmt":"2021-03-14T01:49:28","slug":"informativo-familias","status":"publish","type":"post","link":"https:\/\/vitaplay.cl\/?p=2444","title":{"rendered":"Informativo Familias"},"content":{"rendered":"[et_pb_section fb_built=\u00bb1&#8243; _builder_version=\u00bb4.7.4&#8243; _module_preset=\u00bbdefault\u00bb][et_pb_row _builder_version=\u00bb4.7.4&#8243; _module_preset=\u00bbdefault\u00bb][et_pb_column type=\u00bb4_4&#8243; _builder_version=\u00bb4.7.4&#8243; _module_preset=\u00bbdefault\u00bb][et_pb_text admin_label=\u00bbIntroducci\u00f3n\u00bb _builder_version=\u00bb4.9.2&#8243; _module_preset=\u00bbdefault\u00bb hover_enabled=\u00bb0&#8243; sticky_enabled=\u00bb0&#8243;]\n<div class=\"content\">\n<p>Estimadas comunidades educativas, junto con saludar y esperando se encuentren bien, les informamos que el inicio de nuestras actividades escolares, de manera remota o presencial, ser\u00e1 el 01 de marzo de 2021, seg\u00fan calendario escolar ministerial. No obstante, esta fecha podr\u00eda sufrir variaciones dependiendo del momento en que nuestras comunidades se encuentren inmunizadas completamente, seg\u00fan las indicaciones que proporcione el Ministerio de Educaci\u00f3n.<\/p>\n<p>Para dicho retorno, hemos dispuesto de todas las medidas de seguridad necesarias para evitar contagios de covid-19, de acuerdo con nuestro <a href=\"https:\/\/vitaplay.cl\/wp-content\/uploads\/2021\/02\/PLAN_DE_FUNCIONAMIENTO_26393.pdf\" target=\"_blank\" rel=\"noopener\">Plan de Funcionamiento<\/a>, entre ellas: Salas de clases con el espacio adecuado para asegurar el distanciamiento f\u00edsico, pediluvios al ingreso de cada dependencia, alcohol gel y alcohol en cada sala de clases y otros espacios, term\u00f3metros, mascarillas, escudos faciales, ox\u00edmetros, separadores, demarcaci\u00f3n de espacios y circuito de entrada y salida, entre otros.<\/p>\n<p>Los estudiantes adem\u00e1s de usar mascarilla podr\u00e1n asistir usando ropa c\u00f3moda, su cotona y\/o delantal, los cuales podr\u00e1n quedar en la escuela para ser sanitizados al t\u00e9rmino de la jornada, estas prendas deber\u00e1n estar debidamente marcadas para evitar p\u00e9rdidas.<\/p>\n<p>Los \u00fatiles y materiales se encontrar\u00e1n guardados en cajas pl\u00e1sticas con tapas individuales, para uso exclusivo de cada estudiante, ello permitir\u00e1 sanitizarlos al t\u00e9rmino de cada actividad realizada.<\/p>\n<p>Junto con todo esto, los horarios de clases y recreos ser\u00e1n diferidos por nivel, para evitar grupos mayores, tanto al interior de la escuela como al ingreso y salida del recinto.<\/p>\n<table width=\"589\">\n<tbody>\n<tr>\n<td width=\"294\"><strong>Jornada de la ma\u00f1ana<\/strong><\/td>\n<td width=\"294\"><strong>Jornada de la tarde<\/strong><\/td>\n<\/tr>\n<tr>\n<td width=\"294\">\n<p>K\u00ednder\u00a0\u00a0\u00a0\u00a0\u00a0\u00a0\u00a0\u00a0\u00a0\u00a0\u00a0\u00a0\u00a0 8:30 a 12:00<\/p>\n<p>Prekinder \u00a0\u00a0\u00a0\u00a0\u00a0\u00a0\u00a0\u00a0 8:45 a 12:15<\/p>\n<p>Medio Mayor \u00a0\u00a0 9:00 a 12:30<\/p>\n<\/td>\n<td width=\"294\">\n<p>K\u00ednder\u00a0\u00a0\u00a0\u00a0\u00a0\u00a0\u00a0\u00a0\u00a0\u00a0\u00a0\u00a0\u00a0 13:30 a 17:00<\/p>\n<p>Prekinder \u00a0\u00a0\u00a0\u00a0\u00a0\u00a0\u00a0\u00a0 13:45 a 17:15<\/p>\n<p>Medio Mayor\u00a0\u00a0\u00a0 14:00 a 17:30<\/p>\n<\/td>\n<\/tr>\n<\/tbody>\n<\/table>\n<p>&nbsp;<\/p>\n<p>Para que este a\u00f1o nuestra comunicaci\u00f3n sea fluida y fruct\u00edfera, le pediremos visitar nuestra p\u00e1gina web peri\u00f3dicamente\u00a0 <a href=\"https:\/\/vitaplay.cl\">www.vitaplay.cl.<\/a> Ella contendr\u00e1 informaci\u00f3n y material valioso para la educaci\u00f3n de sus hijos e hijas respecto del proceso acad\u00e9mico, actividades novedosas y entretenidas y efem\u00e9rides, entre otras.<\/p>\n<p>Con todo ello, si usted opta por esperar el retorno de su hijo o hija a nuestro establecimiento de manera presencial, habilitaremos una plataforma llamada Colegium para mantenernos comunicados y realizar el trabajo remotamente mientras decida retomar la opci\u00f3n presencial, le indicaremos la manera de acceder y lo guiaremos en todo el proceso. Adem\u00e1s, esperamos contar con su apoyo para que nuestros estudiantes sigan recibiendo el trabajo realizado por las docentes, necesario para el desarrollo de sus habilidades.<\/p>\n<p>Por lo anterior es que le agradecemos desde ya su compromiso y le pedimos nos cuente su decisi\u00f3n de:<\/p>\n<ol>\n<li>Enviar\u00e1 presencialmente a su hijo o hija desde el 01 de marzo.<\/li>\n<li>Tomar\u00e1 la opci\u00f3n de educaci\u00f3n remota, hasta la inmunizaci\u00f3n de la comunidad educativa.<\/li>\n<li>Preferir\u00e1 la Educaci\u00f3n remota todo el a\u00f1o.<\/li>\n<\/ol>\n<p>Ello nos permitir\u00e1 definir, de acuerdo con sus necesidades y las del grupo, la mejor manera de interacci\u00f3n entre familia y escuela (le llegar\u00e1 a su WhatsApp un forms, que recopilar\u00e1 esta informaci\u00f3n).<\/p>\n<p>Esperando contar con todo su apoyo, energ\u00eda y colaboraci\u00f3n se despide cordialmente<\/p>\n<p><strong>Equipo de Gesti\u00f3n Play<\/strong><\/p>\n<\/div>\n[\/et_pb_text][\/et_pb_column][\/et_pb_row][\/et_pb_section]\n","protected":false},"excerpt":{"rendered":"<p>Informamos que el inicio de nuestras actividades escolares, de manera remota o presencial, ser\u00e1 el 01 de marzo de 2021.<\/p>\n","protected":false},"author":650,"featured_media":2446,"comment_status":"closed","ping_status":"closed","sticky":false,"template":"","format":"standard","meta":{"_et_pb_use_builder":"on","_et_pb_old_content":"","_et_gb_content_width":"","footnotes":""},"categories":[17],"tags":[121,120],"class_list":["post-2444","post","type-post","status-publish","format-standard","has-post-thumbnail","hentry","category-noticias","tag-covid","tag-noticias"],"yoast_head":"<!-- This site is optimized with the Yoast SEO plugin v26.6 - https:\/\/yoast.com\/wordpress\/plugins\/seo\/ -->\n<title>Informativo Familias Ingreso a clases 2021 - Corporaci\u00f3n Vitaplay<\/title>\n<meta name=\"description\" content=\"Informamos que el inicio de nuestras actividades escolares, de manera remota o presencial, ser\u00e1 el 01 de marzo de 2021.\" \/>\n<meta name=\"robots\" content=\"index, follow, max-snippet:-1, max-image-preview:large, max-video-preview:-1\" \/>\n<link rel=\"canonical\" href=\"https:\/\/vitaplay.cl\/?p=2444\" \/>\n<meta property=\"og:locale\" content=\"es_ES\" \/>\n<meta property=\"og:type\" content=\"article\" \/>\n<meta property=\"og:title\" content=\"Informativo Familias Ingreso a clases 2021 - Corporaci\u00f3n Vitaplay\" \/>\n<meta property=\"og:description\" content=\"Informamos que el inicio de nuestras actividades escolares, de manera remota o presencial, ser\u00e1 el 01 de marzo de 2021.\" \/>\n<meta property=\"og:url\" content=\"https:\/\/vitaplay.cl\/?p=2444\" \/>\n<meta property=\"og:site_name\" content=\"Corporaci\u00f3n Vitaplay\" \/>\n<meta property=\"article:published_time\" content=\"2021-02-25T23:28:58+00:00\" \/>\n<meta property=\"article:modified_time\" content=\"2021-03-14T01:49:28+00:00\" \/>\n<meta property=\"og:image\" content=\"https:\/\/vitaplay.cl\/wp-content\/uploads\/2021\/02\/pexels-stas-knop-3760323.jpg\" \/>\n\t<meta property=\"og:image:width\" content=\"640\" \/>\n\t<meta property=\"og:image:height\" content=\"426\" \/>\n\t<meta property=\"og:image:type\" content=\"image\/jpeg\" \/>\n<meta name=\"author\" content=\"Eduardo Reyes\" \/>\n<meta name=\"twitter:card\" content=\"summary_large_image\" \/>\n<meta name=\"twitter:label1\" content=\"Escrito por\" \/>\n\t<meta name=\"twitter:data1\" content=\"Eduardo Reyes\" \/>\n\t<meta name=\"twitter:label2\" content=\"Tiempo de lectura\" \/>\n\t<meta name=\"twitter:data2\" content=\"3 minutos\" \/>\n<script type=\"application\/ld+json\" class=\"yoast-schema-graph\">{\"@context\":\"https:\/\/schema.org\",\"@graph\":[{\"@type\":\"WebPage\",\"@id\":\"https:\/\/vitaplay.cl\/?p=2444\",\"url\":\"https:\/\/vitaplay.cl\/?p=2444\",\"name\":\"Informativo Familias Ingreso a clases 2021 - Corporaci\u00f3n Vitaplay\",\"isPartOf\":{\"@id\":\"https:\/\/vitaplay.cl\/#website\"},\"primaryImageOfPage\":{\"@id\":\"https:\/\/vitaplay.cl\/?p=2444#primaryimage\"},\"image\":{\"@id\":\"https:\/\/vitaplay.cl\/?p=2444#primaryimage\"},\"thumbnailUrl\":\"https:\/\/vitaplay.cl\/wp-content\/uploads\/2021\/02\/pexels-stas-knop-3760323.jpg\",\"datePublished\":\"2021-02-25T23:28:58+00:00\",\"dateModified\":\"2021-03-14T01:49:28+00:00\",\"author\":{\"@id\":\"https:\/\/vitaplay.cl\/#\/schema\/person\/8a80eba3988b10894f8b3d110fd45ab4\"},\"description\":\"Informamos que el inicio de nuestras actividades escolares, de manera remota o presencial, ser\u00e1 el 01 de marzo de 2021.\",\"breadcrumb\":{\"@id\":\"https:\/\/vitaplay.cl\/?p=2444#breadcrumb\"},\"inLanguage\":\"es\",\"potentialAction\":[{\"@type\":\"ReadAction\",\"target\":[\"https:\/\/vitaplay.cl\/?p=2444\"]}]},{\"@type\":\"ImageObject\",\"inLanguage\":\"es\",\"@id\":\"https:\/\/vitaplay.cl\/?p=2444#primaryimage\",\"url\":\"https:\/\/vitaplay.cl\/wp-content\/uploads\/2021\/02\/pexels-stas-knop-3760323.jpg\",\"contentUrl\":\"https:\/\/vitaplay.cl\/wp-content\/uploads\/2021\/02\/pexels-stas-knop-3760323.jpg\",\"width\":640,\"height\":426,\"caption\":\"Ingreso a clases 2021\"},{\"@type\":\"BreadcrumbList\",\"@id\":\"https:\/\/vitaplay.cl\/?p=2444#breadcrumb\",\"itemListElement\":[{\"@type\":\"ListItem\",\"position\":1,\"name\":\"Portada\",\"item\":\"https:\/\/vitaplay.cl\/\"},{\"@type\":\"ListItem\",\"position\":2,\"name\":\"Informativo Familias\"}]},{\"@type\":\"WebSite\",\"@id\":\"https:\/\/vitaplay.cl\/#website\",\"url\":\"https:\/\/vitaplay.cl\/\",\"name\":\"Corporaci\u00f3n Vitaplay\",\"description\":\"Un mundo de aventuras\",\"potentialAction\":[{\"@type\":\"SearchAction\",\"target\":{\"@type\":\"EntryPoint\",\"urlTemplate\":\"https:\/\/vitaplay.cl\/?s={search_term_string}\"},\"query-input\":{\"@type\":\"PropertyValueSpecification\",\"valueRequired\":true,\"valueName\":\"search_term_string\"}}],\"inLanguage\":\"es\"},{\"@type\":\"Person\",\"@id\":\"https:\/\/vitaplay.cl\/#\/schema\/person\/8a80eba3988b10894f8b3d110fd45ab4\",\"name\":\"Eduardo Reyes\",\"image\":{\"@type\":\"ImageObject\",\"inLanguage\":\"es\",\"@id\":\"https:\/\/vitaplay.cl\/#\/schema\/person\/image\/\",\"url\":\"https:\/\/secure.gravatar.com\/avatar\/ae493060ae9ee52ea5e3e7e2694139a6b6cffd0bff35bdb763226d8751cc14fd?s=96&d=mm&r=g\",\"contentUrl\":\"https:\/\/secure.gravatar.com\/avatar\/ae493060ae9ee52ea5e3e7e2694139a6b6cffd0bff35bdb763226d8751cc14fd?s=96&d=mm&r=g\",\"caption\":\"Eduardo Reyes\"},\"url\":\"https:\/\/vitaplay.cl\/?author=650\"}]}<\/script>\n<!-- \/ Yoast SEO plugin. -->","yoast_head_json":{"title":"Informativo Familias Ingreso a clases 2021 - Corporaci\u00f3n Vitaplay","description":"Informamos que el inicio de nuestras actividades escolares, de manera remota o presencial, ser\u00e1 el 01 de marzo de 2021.","robots":{"index":"index","follow":"follow","max-snippet":"max-snippet:-1","max-image-preview":"max-image-preview:large","max-video-preview":"max-video-preview:-1"},"canonical":"https:\/\/vitaplay.cl\/?p=2444","og_locale":"es_ES","og_type":"article","og_title":"Informativo Familias Ingreso a clases 2021 - Corporaci\u00f3n Vitaplay","og_description":"Informamos que el inicio de nuestras actividades escolares, de manera remota o presencial, ser\u00e1 el 01 de marzo de 2021.","og_url":"https:\/\/vitaplay.cl\/?p=2444","og_site_name":"Corporaci\u00f3n Vitaplay","article_published_time":"2021-02-25T23:28:58+00:00","article_modified_time":"2021-03-14T01:49:28+00:00","og_image":[{"width":640,"height":426,"url":"https:\/\/vitaplay.cl\/wp-content\/uploads\/2021\/02\/pexels-stas-knop-3760323.jpg","type":"image\/jpeg"}],"author":"Eduardo Reyes","twitter_card":"summary_large_image","twitter_misc":{"Escrito por":"Eduardo Reyes","Tiempo de lectura":"3 minutos"},"schema":{"@context":"https:\/\/schema.org","@graph":[{"@type":"WebPage","@id":"https:\/\/vitaplay.cl\/?p=2444","url":"https:\/\/vitaplay.cl\/?p=2444","name":"Informativo Familias Ingreso a clases 2021 - Corporaci\u00f3n Vitaplay","isPartOf":{"@id":"https:\/\/vitaplay.cl\/#website"},"primaryImageOfPage":{"@id":"https:\/\/vitaplay.cl\/?p=2444#primaryimage"},"image":{"@id":"https:\/\/vitaplay.cl\/?p=2444#primaryimage"},"thumbnailUrl":"https:\/\/vitaplay.cl\/wp-content\/uploads\/2021\/02\/pexels-stas-knop-3760323.jpg","datePublished":"2021-02-25T23:28:58+00:00","dateModified":"2021-03-14T01:49:28+00:00","author":{"@id":"https:\/\/vitaplay.cl\/#\/schema\/person\/8a80eba3988b10894f8b3d110fd45ab4"},"description":"Informamos que el inicio de nuestras actividades escolares, de manera remota o presencial, ser\u00e1 el 01 de marzo de 2021.","breadcrumb":{"@id":"https:\/\/vitaplay.cl\/?p=2444#breadcrumb"},"inLanguage":"es","potentialAction":[{"@type":"ReadAction","target":["https:\/\/vitaplay.cl\/?p=2444"]}]},{"@type":"ImageObject","inLanguage":"es","@id":"https:\/\/vitaplay.cl\/?p=2444#primaryimage","url":"https:\/\/vitaplay.cl\/wp-content\/uploads\/2021\/02\/pexels-stas-knop-3760323.jpg","contentUrl":"https:\/\/vitaplay.cl\/wp-content\/uploads\/2021\/02\/pexels-stas-knop-3760323.jpg","width":640,"height":426,"caption":"Ingreso a clases 2021"},{"@type":"BreadcrumbList","@id":"https:\/\/vitaplay.cl\/?p=2444#breadcrumb","itemListElement":[{"@type":"ListItem","position":1,"name":"Portada","item":"https:\/\/vitaplay.cl\/"},{"@type":"ListItem","position":2,"name":"Informativo Familias"}]},{"@type":"WebSite","@id":"https:\/\/vitaplay.cl\/#website","url":"https:\/\/vitaplay.cl\/","name":"Corporaci\u00f3n Vitaplay","description":"Un mundo de aventuras","potentialAction":[{"@type":"SearchAction","target":{"@type":"EntryPoint","urlTemplate":"https:\/\/vitaplay.cl\/?s={search_term_string}"},"query-input":{"@type":"PropertyValueSpecification","valueRequired":true,"valueName":"search_term_string"}}],"inLanguage":"es"},{"@type":"Person","@id":"https:\/\/vitaplay.cl\/#\/schema\/person\/8a80eba3988b10894f8b3d110fd45ab4","name":"Eduardo Reyes","image":{"@type":"ImageObject","inLanguage":"es","@id":"https:\/\/vitaplay.cl\/#\/schema\/person\/image\/","url":"https:\/\/secure.gravatar.com\/avatar\/ae493060ae9ee52ea5e3e7e2694139a6b6cffd0bff35bdb763226d8751cc14fd?s=96&d=mm&r=g","contentUrl":"https:\/\/secure.gravatar.com\/avatar\/ae493060ae9ee52ea5e3e7e2694139a6b6cffd0bff35bdb763226d8751cc14fd?s=96&d=mm&r=g","caption":"Eduardo Reyes"},"url":"https:\/\/vitaplay.cl\/?author=650"}]}},"_links":{"self":[{"href":"https:\/\/vitaplay.cl\/index.php?rest_route=\/wp\/v2\/posts\/2444","targetHints":{"allow":["GET"]}}],"collection":[{"href":"https:\/\/vitaplay.cl\/index.php?rest_route=\/wp\/v2\/posts"}],"about":[{"href":"https:\/\/vitaplay.cl\/index.php?rest_route=\/wp\/v2\/types\/post"}],"author":[{"embeddable":true,"href":"https:\/\/vitaplay.cl\/index.php?rest_route=\/wp\/v2\/users\/650"}],"replies":[{"embeddable":true,"href":"https:\/\/vitaplay.cl\/index.php?rest_route=%2Fwp%2Fv2%2Fcomments&post=2444"}],"version-history":[{"count":5,"href":"https:\/\/vitaplay.cl\/index.php?rest_route=\/wp\/v2\/posts\/2444\/revisions"}],"predecessor-version":[{"id":2510,"href":"https:\/\/vitaplay.cl\/index.php?rest_route=\/wp\/v2\/posts\/2444\/revisions\/2510"}],"wp:featuredmedia":[{"embeddable":true,"href":"https:\/\/vitaplay.cl\/index.php?rest_route=\/wp\/v2\/media\/2446"}],"wp:attachment":[{"href":"https:\/\/vitaplay.cl\/index.php?rest_route=%2Fwp%2Fv2%2Fmedia&parent=2444"}],"wp:term":[{"taxonomy":"category","embeddable":true,"href":"https:\/\/vitaplay.cl\/index.php?rest_route=%2Fwp%2Fv2%2Fcategories&post=2444"},{"taxonomy":"post_tag","embeddable":true,"href":"https:\/\/vitaplay.cl\/index.php?rest_route=%2Fwp%2Fv2%2Ftags&post=2444"}],"curies":[{"name":"wp","href":"https:\/\/api.w.org\/{rel}","templated":true}]}}