{"id":2238,"date":"2020-12-22T00:57:02","date_gmt":"2020-12-22T00:57:02","guid":{"rendered":"https:\/\/vitaplay.cl\/?p=2238"},"modified":"2020-12-22T01:26:59","modified_gmt":"2020-12-22T01:26:59","slug":"el-misterioso-mundo-de-los-eclipses-nueva-serie-educativa-del-mineduc","status":"publish","type":"post","link":"https:\/\/vitaplay.cl\/?p=2238","title":{"rendered":"\u201cEl misterioso mundo de los eclipses\u201d &#8211; Nueva serie educativa del Mineduc"},"content":{"rendered":"[et_pb_section fb_built=\u00bb1&#8243; _builder_version=\u00bb4.7.4&#8243; _module_preset=\u00bbdefault\u00bb][et_pb_row _builder_version=\u00bb4.7.4&#8243; _module_preset=\u00bbdefault\u00bb][et_pb_column type=\u00bb4_4&#8243; _builder_version=\u00bb4.7.4&#8243; _module_preset=\u00bbdefault\u00bb][et_pb_text admin_label=\u00bbIntroducci\u00f3n\u00bb _builder_version=\u00bb4.7.7&#8243; _module_preset=\u00bbdefault\u00bb hover_enabled=\u00bb0&#8243; sticky_enabled=\u00bb0&#8243;]\n<p>Desde el 4 de diciembre, se encuentra disponible la nueva serie educativa \u201cEl misterioso mundo de los eclipses\u201d, elaborada por el Mineduc, en conjunto con la Facultad de Ciencias de la Universidad de Santiago. La serie busca ense\u00f1ar a los ni\u00f1os y j\u00f3venes del pa\u00eds los aspectos m\u00e1s relevantes de este hito que fue observado en su totalidad desde las regiones de La Araucan\u00eda y Los R\u00edos.<\/p>\n<p>A trav\u00e9s de seis episodios que se podr\u00e1n ver desde el canal de <a href=\"https:\/\/nam02.safelinks.protection.outlook.com\/?url=https%3A%2F%2Fwww.youtube.com%2Fplaylist%3Flist%3DPLKB9Xm_TV8WaTpjpIOn0AygP_x-wvuWkv&amp;data=04%7C01%7Cevelyn.castro%40mineduc.cl%7Ca30e0ca092454cd9446e08d89885bbbe%7C2e4cfe500580414093874ecde39def60%7C1%7C0%7C637427047440090087%7CUnknown%7CTWFpbGZsb3d8eyJWIjoiMC4wLjAwMDAiLCJQIjoiV2luMzIiLCJBTiI6Ik1haWwiLCJXVCI6Mn0%3D%7C1000&amp;sdata=GNo%2F%2BTqJENALN58aHVURT37iXLtxP3bnh%2FAlpAmnIJY%3D&amp;reserved=0\">Youtube del Mineduc<\/a> y la plataforma Aprendo en L\u00ednea, se busca promover aprendizajes presentes en el curr\u00edculum nacional y, a su vez, motivar a los estudiantes de todos los niveles, a participar de eventos cient\u00edficos y astron\u00f3micos, junto con fomentar medidas de seguridad y autocuidado.<\/p>\n<p>&nbsp;<\/p>\n[\/et_pb_text][et_pb_image src=\u00bbhttps:\/\/vitaplay.cl\/wp-content\/uploads\/2020\/12\/el-mundo-de-los-eclipses.jpg\u00bb alt=\u00bbel-mundo-de-los-eclipses\u00bb title_text=\u00bbel-mundo-de-los-eclipses\u00bb align=\u00bbcenter\u00bb _builder_version=\u00bb4.7.7&#8243; _module_preset=\u00bbdefault\u00bb][\/et_pb_image][et_pb_text _builder_version=\u00bb4.7.7&#8243; _module_preset=\u00bbdefault\u00bb]\n<p>&nbsp;<\/p>\n<p><strong><em>\u201cCon estos contenidos esperamos motivar a todas las comunidades educativas del pa\u00eds a que sigan desarrollando <\/em><\/strong><strong><em>conocimientos y aprendizajes en ciencia y tambi\u00e9n en astronom\u00eda<\/em><\/strong><strong><em>. Como Ministerio de Educaci\u00f3n queremos que cada vez sean m\u00e1s los, y sobre todo las estudiantes<\/em><\/strong><strong><em>, que decidan incorporarse a \u00e1reas de Ciencia, Tecnolog\u00eda, Ingenier\u00eda y Matem\u00e1ticas (STEM)\u201d, coment\u00f3 el Subsecretario de Educaci\u00f3n Jorge Poblete. <\/em><\/strong><\/p>\n<p>Por su parte, la Doctora Karina Arias Yurisch, vicerrectora de Vinculaci\u00f3n con el Medio USACH, indic\u00f3 que <strong><em>\u201cla Universidad de Santiago, en su rol misional est\u00e1 siempre pendiente de la creaci\u00f3n y divulgaci\u00f3n del conocimiento. Esto implica velar por\u00a0despertar el inter\u00e9s por las ciencias en ni\u00f1as, ni\u00f1os y adolescentes, democratizando tempranamente su acceso, participando activamente en las distintas plataformas y herramientas que permitan concretar esta misi\u00f3n, lo que incluye tambi\u00e9n la accesibilidad para personas en situaci\u00f3n de discapacidad, tal como ha sucedido en este proyecto realizado con el Mineduc y de la cual estamos orgullosos de participar como Universidad, a trav\u00e9s de destacadas acad\u00e9micas como la Dra. Carla Hern\u00e1ndez, quien asesor\u00f3 esta iniciativa\u201d.<\/em><\/strong><\/p>\n<p>Los episodios est\u00e1n enfocados en estudiantes de todos los niveles y fueron desarrollados con un enfoque inclusivo y se extienden entre los tres y seis minutos de duraci\u00f3n. Cada episodio tiene contenidos espec\u00edficos, como por ejemplo: \u00bfqu\u00e9 son los eclipses y por qu\u00e9 se producen?, \u00bfqu\u00e9 es la umbra? y \u00bfc\u00f3mo verlos de manera segura?<\/p>\n<p>&nbsp;<\/p>\n[\/et_pb_text][\/et_pb_column][\/et_pb_row][\/et_pb_section]\n","protected":false},"excerpt":{"rendered":"<p>Desde el 4 de diciembre, se encuentra disponible la nueva serie educativa \u201cEl misterioso mundo de los eclipses\u201d, elaborada por el Mineduc, en conjunto con la Facultad de Ciencias de la Universidad de Santiago.<\/p>\n","protected":false},"author":2,"featured_media":2244,"comment_status":"closed","ping_status":"closed","sticky":false,"template":"","format":"standard","meta":{"_et_pb_use_builder":"on","_et_pb_old_content":"","_et_gb_content_width":"","footnotes":""},"categories":[17],"tags":[89,51],"class_list":["post-2238","post","type-post","status-publish","format-standard","has-post-thumbnail","hentry","category-noticias","tag-eclipse","tag-mineduc"],"yoast_head":"<!-- This site is optimized with the Yoast SEO plugin v26.6 - https:\/\/yoast.com\/wordpress\/plugins\/seo\/ -->\n<title>\u201cEl misterioso mundo de los eclipses\u201d - Nueva serie educativa del Mineduc<\/title>\n<meta name=\"description\" content=\"Desde el 4 de diciembre, se encuentra disponible la nueva serie educativa \u201cEl misterioso mundo de los eclipses\u201d, elaborada por el Mineduc.\" \/>\n<meta name=\"robots\" content=\"index, follow, max-snippet:-1, max-image-preview:large, max-video-preview:-1\" \/>\n<link rel=\"canonical\" href=\"https:\/\/vitaplay.cl\/?p=2238\" \/>\n<meta property=\"og:locale\" content=\"es_ES\" \/>\n<meta property=\"og:type\" content=\"article\" \/>\n<meta property=\"og:title\" content=\"\u201cEl misterioso mundo de los eclipses\u201d - Nueva serie educativa del Mineduc\" \/>\n<meta property=\"og:description\" content=\"Desde el 4 de diciembre, se encuentra disponible la nueva serie educativa \u201cEl misterioso mundo de los eclipses\u201d, elaborada por el Mineduc.\" \/>\n<meta property=\"og:url\" content=\"https:\/\/vitaplay.cl\/?p=2238\" \/>\n<meta property=\"og:site_name\" content=\"Corporaci\u00f3n Vitaplay\" \/>\n<meta property=\"article:published_time\" content=\"2020-12-22T00:57:02+00:00\" \/>\n<meta property=\"article:modified_time\" content=\"2020-12-22T01:26:59+00:00\" \/>\n<meta property=\"og:image\" content=\"https:\/\/vitaplay.cl\/wp-content\/uploads\/2020\/12\/el-mundo-de-los-eclipses.jpg\" \/>\n\t<meta property=\"og:image:width\" content=\"600\" \/>\n\t<meta property=\"og:image:height\" content=\"357\" \/>\n\t<meta property=\"og:image:type\" content=\"image\/jpeg\" \/>\n<meta name=\"twitter:card\" content=\"summary_large_image\" \/>\n<meta name=\"twitter:label1\" content=\"Escrito por\" \/>\n\t<meta name=\"twitter:data1\" content=\"\" \/>\n\t<meta name=\"twitter:label2\" content=\"Tiempo de lectura\" \/>\n\t<meta name=\"twitter:data2\" content=\"2 minutos\" \/>\n<script type=\"application\/ld+json\" class=\"yoast-schema-graph\">{\"@context\":\"https:\/\/schema.org\",\"@graph\":[{\"@type\":\"WebPage\",\"@id\":\"https:\/\/vitaplay.cl\/?p=2238\",\"url\":\"https:\/\/vitaplay.cl\/?p=2238\",\"name\":\"\u201cEl misterioso mundo de los eclipses\u201d - Nueva serie educativa del Mineduc\",\"isPartOf\":{\"@id\":\"https:\/\/vitaplay.cl\/#website\"},\"primaryImageOfPage\":{\"@id\":\"https:\/\/vitaplay.cl\/?p=2238#primaryimage\"},\"image\":{\"@id\":\"https:\/\/vitaplay.cl\/?p=2238#primaryimage\"},\"thumbnailUrl\":\"https:\/\/vitaplay.cl\/wp-content\/uploads\/2020\/12\/el-mundo-de-los-eclipses.jpg\",\"datePublished\":\"2020-12-22T00:57:02+00:00\",\"dateModified\":\"2020-12-22T01:26:59+00:00\",\"author\":{\"@id\":\"\"},\"description\":\"Desde el 4 de diciembre, se encuentra disponible la nueva serie educativa \u201cEl misterioso mundo de los eclipses\u201d, elaborada por el Mineduc.\",\"breadcrumb\":{\"@id\":\"https:\/\/vitaplay.cl\/?p=2238#breadcrumb\"},\"inLanguage\":\"es\",\"potentialAction\":[{\"@type\":\"ReadAction\",\"target\":[\"https:\/\/vitaplay.cl\/?p=2238\"]}]},{\"@type\":\"ImageObject\",\"inLanguage\":\"es\",\"@id\":\"https:\/\/vitaplay.cl\/?p=2238#primaryimage\",\"url\":\"https:\/\/vitaplay.cl\/wp-content\/uploads\/2020\/12\/el-mundo-de-los-eclipses.jpg\",\"contentUrl\":\"https:\/\/vitaplay.cl\/wp-content\/uploads\/2020\/12\/el-mundo-de-los-eclipses.jpg\",\"width\":600,\"height\":357,\"caption\":\"el-mundo-de-los-eclipses\"},{\"@type\":\"BreadcrumbList\",\"@id\":\"https:\/\/vitaplay.cl\/?p=2238#breadcrumb\",\"itemListElement\":[{\"@type\":\"ListItem\",\"position\":1,\"name\":\"Portada\",\"item\":\"https:\/\/vitaplay.cl\/\"},{\"@type\":\"ListItem\",\"position\":2,\"name\":\"\u201cEl misterioso mundo de los eclipses\u201d &#8211; Nueva serie educativa del Mineduc\"}]},{\"@type\":\"WebSite\",\"@id\":\"https:\/\/vitaplay.cl\/#website\",\"url\":\"https:\/\/vitaplay.cl\/\",\"name\":\"Corporaci\u00f3n Vitaplay\",\"description\":\"Un mundo de aventuras\",\"potentialAction\":[{\"@type\":\"SearchAction\",\"target\":{\"@type\":\"EntryPoint\",\"urlTemplate\":\"https:\/\/vitaplay.cl\/?s={search_term_string}\"},\"query-input\":{\"@type\":\"PropertyValueSpecification\",\"valueRequired\":true,\"valueName\":\"search_term_string\"}}],\"inLanguage\":\"es\"},{\"@type\":\"Person\",\"@id\":\"\",\"url\":\"https:\/\/vitaplay.cl\/?author=2\"}]}<\/script>\n<!-- \/ Yoast SEO plugin. -->","yoast_head_json":{"title":"\u201cEl misterioso mundo de los eclipses\u201d - Nueva serie educativa del Mineduc","description":"Desde el 4 de diciembre, se encuentra disponible la nueva serie educativa \u201cEl misterioso mundo de los eclipses\u201d, elaborada por el Mineduc.","robots":{"index":"index","follow":"follow","max-snippet":"max-snippet:-1","max-image-preview":"max-image-preview:large","max-video-preview":"max-video-preview:-1"},"canonical":"https:\/\/vitaplay.cl\/?p=2238","og_locale":"es_ES","og_type":"article","og_title":"\u201cEl misterioso mundo de los eclipses\u201d - Nueva serie educativa del Mineduc","og_description":"Desde el 4 de diciembre, se encuentra disponible la nueva serie educativa \u201cEl misterioso mundo de los eclipses\u201d, elaborada por el Mineduc.","og_url":"https:\/\/vitaplay.cl\/?p=2238","og_site_name":"Corporaci\u00f3n Vitaplay","article_published_time":"2020-12-22T00:57:02+00:00","article_modified_time":"2020-12-22T01:26:59+00:00","og_image":[{"width":600,"height":357,"url":"https:\/\/vitaplay.cl\/wp-content\/uploads\/2020\/12\/el-mundo-de-los-eclipses.jpg","type":"image\/jpeg"}],"twitter_card":"summary_large_image","twitter_misc":{"Escrito por":"","Tiempo de lectura":"2 minutos"},"schema":{"@context":"https:\/\/schema.org","@graph":[{"@type":"WebPage","@id":"https:\/\/vitaplay.cl\/?p=2238","url":"https:\/\/vitaplay.cl\/?p=2238","name":"\u201cEl misterioso mundo de los eclipses\u201d - Nueva serie educativa del Mineduc","isPartOf":{"@id":"https:\/\/vitaplay.cl\/#website"},"primaryImageOfPage":{"@id":"https:\/\/vitaplay.cl\/?p=2238#primaryimage"},"image":{"@id":"https:\/\/vitaplay.cl\/?p=2238#primaryimage"},"thumbnailUrl":"https:\/\/vitaplay.cl\/wp-content\/uploads\/2020\/12\/el-mundo-de-los-eclipses.jpg","datePublished":"2020-12-22T00:57:02+00:00","dateModified":"2020-12-22T01:26:59+00:00","author":{"@id":""},"description":"Desde el 4 de diciembre, se encuentra disponible la nueva serie educativa \u201cEl misterioso mundo de los eclipses\u201d, elaborada por el Mineduc.","breadcrumb":{"@id":"https:\/\/vitaplay.cl\/?p=2238#breadcrumb"},"inLanguage":"es","potentialAction":[{"@type":"ReadAction","target":["https:\/\/vitaplay.cl\/?p=2238"]}]},{"@type":"ImageObject","inLanguage":"es","@id":"https:\/\/vitaplay.cl\/?p=2238#primaryimage","url":"https:\/\/vitaplay.cl\/wp-content\/uploads\/2020\/12\/el-mundo-de-los-eclipses.jpg","contentUrl":"https:\/\/vitaplay.cl\/wp-content\/uploads\/2020\/12\/el-mundo-de-los-eclipses.jpg","width":600,"height":357,"caption":"el-mundo-de-los-eclipses"},{"@type":"BreadcrumbList","@id":"https:\/\/vitaplay.cl\/?p=2238#breadcrumb","itemListElement":[{"@type":"ListItem","position":1,"name":"Portada","item":"https:\/\/vitaplay.cl\/"},{"@type":"ListItem","position":2,"name":"\u201cEl misterioso mundo de los eclipses\u201d &#8211; Nueva serie educativa del Mineduc"}]},{"@type":"WebSite","@id":"https:\/\/vitaplay.cl\/#website","url":"https:\/\/vitaplay.cl\/","name":"Corporaci\u00f3n Vitaplay","description":"Un mundo de aventuras","potentialAction":[{"@type":"SearchAction","target":{"@type":"EntryPoint","urlTemplate":"https:\/\/vitaplay.cl\/?s={search_term_string}"},"query-input":{"@type":"PropertyValueSpecification","valueRequired":true,"valueName":"search_term_string"}}],"inLanguage":"es"},{"@type":"Person","@id":"","url":"https:\/\/vitaplay.cl\/?author=2"}]}},"_links":{"self":[{"href":"https:\/\/vitaplay.cl\/index.php?rest_route=\/wp\/v2\/posts\/2238","targetHints":{"allow":["GET"]}}],"collection":[{"href":"https:\/\/vitaplay.cl\/index.php?rest_route=\/wp\/v2\/posts"}],"about":[{"href":"https:\/\/vitaplay.cl\/index.php?rest_route=\/wp\/v2\/types\/post"}],"author":[{"embeddable":true,"href":"https:\/\/vitaplay.cl\/index.php?rest_route=\/wp\/v2\/users\/2"}],"replies":[{"embeddable":true,"href":"https:\/\/vitaplay.cl\/index.php?rest_route=%2Fwp%2Fv2%2Fcomments&post=2238"}],"version-history":[{"count":8,"href":"https:\/\/vitaplay.cl\/index.php?rest_route=\/wp\/v2\/posts\/2238\/revisions"}],"predecessor-version":[{"id":2253,"href":"https:\/\/vitaplay.cl\/index.php?rest_route=\/wp\/v2\/posts\/2238\/revisions\/2253"}],"wp:featuredmedia":[{"embeddable":true,"href":"https:\/\/vitaplay.cl\/index.php?rest_route=\/wp\/v2\/media\/2244"}],"wp:attachment":[{"href":"https:\/\/vitaplay.cl\/index.php?rest_route=%2Fwp%2Fv2%2Fmedia&parent=2238"}],"wp:term":[{"taxonomy":"category","embeddable":true,"href":"https:\/\/vitaplay.cl\/index.php?rest_route=%2Fwp%2Fv2%2Fcategories&post=2238"},{"taxonomy":"post_tag","embeddable":true,"href":"https:\/\/vitaplay.cl\/index.php?rest_route=%2Fwp%2Fv2%2Ftags&post=2238"}],"curies":[{"name":"wp","href":"https:\/\/api.w.org\/{rel}","templated":true}]}}