{"id":2009,"date":"2020-11-26T01:15:10","date_gmt":"2020-11-26T01:15:10","guid":{"rendered":"https:\/\/vitaplay.cl\/?p=2009"},"modified":"2020-11-26T03:19:30","modified_gmt":"2020-11-26T03:19:30","slug":"mineduc-fija-el-1-de-marzo-inicio-del-ano-escolar-2021","status":"publish","type":"post","link":"https:\/\/vitaplay.cl\/?p=2009","title":{"rendered":"Mineduc fija el 1 de marzo inicio del a\u00f1o escolar 2021"},"content":{"rendered":"[et_pb_section fb_built=\u00bb1&#8243; _builder_version=\u00bb4.7.4&#8243; _module_preset=\u00bbdefault\u00bb][et_pb_row _builder_version=\u00bb4.7.4&#8243; _module_preset=\u00bbdefault\u00bb][et_pb_column type=\u00bb4_4&#8243; _builder_version=\u00bb4.7.4&#8243; _module_preset=\u00bbdefault\u00bb][et_pb_text admin_label=\u00bbIntroducci\u00f3n\u00bb _builder_version=\u00bb4.7.4&#8243; _module_preset=\u00bbdefault\u00bb hover_enabled=\u00bb0&#8243; sticky_enabled=\u00bb0&#8243;]\n<h5><strong>El Mineduc fij\u00f3 el inicio del a\u00f1o escolar 2021 para el 1 de marzo. Adem\u00e1s, el Ministerio envi\u00f3 al sistema educativo lineamientos para que todos los colegios puedan elaborar con tiempo un plan de retorno presencial que cumpla con los protocolos elaborados por el Minsal.<\/strong><\/h5>\n[\/et_pb_text][et_pb_image src=\u00bbhttps:\/\/vitaplay.cl\/wp-content\/uploads\/2020\/11\/Inicio-del-an\u0303o-escolar-2021.jpg\u00bb alt=\u00bbInicio del an\u0303o escolar 2021&#8243; title_text=\u00bbInicio del an\u0303o escolar 2021&#8243; align=\u00bbcenter\u00bb _builder_version=\u00bb4.7.4&#8243; _module_preset=\u00bbdefault\u00bb][\/et_pb_image][et_pb_text admin_label=\u00bbTexto\u00bb _builder_version=\u00bb4.7.4&#8243; _module_preset=\u00bbdefault\u00bb]\n<p>El calendario escolar de 2021 se iniciar\u00e1 el 1 de marzo, seg\u00fan lo anunciado el 19 de noviembre de 2020 por el Ministerio de Educaci\u00f3n, en conjunto con las tres asociaciones de municipalidades, la directora de educaci\u00f3n p\u00fablica y representantes de colegios particulares subvencionados.<\/p>\n<p>En el oficio enviado a los colegios se entregaron, adem\u00e1s, lineamientos para que los establecimientos dise\u00f1en sus planes de retorno presencial cumpliendo con los protocolos elaborados en conjunto con el Ministerio de Salud, los cuales deber\u00e1n ser entregados a m\u00e1s tardar el viernes 8 de enero de 2021, en un bot\u00f3n que se encontrar\u00e1 disponible en <a href=\"https:\/\/sigamosaprendiendo.mineduc.cl\/\" target=\"_blank\" rel=\"noopener noreferrer\">Sigamos Aprendiendo<\/a>, a partir del 1 de diciembre.<\/p>\n<p>Los establecimientos que requieran acompa\u00f1amiento para la realizaci\u00f3n de su plan podr\u00e1n solicitar una asesor\u00eda personalizada al Ministerio de Educaci\u00f3n, a trav\u00e9s de la p\u00e1gina Sigamos Aprendiendo.<\/p>\n<p>\u201cLos esfuerzos del Ministerio han estado enfocados en mitigar al m\u00e1ximo los efectos negativos que tiene la suspensi\u00f3n prolongada de clases presenciales, entregando apoyos y recursos educativos a las comunidades para reforzar las clases a distancia. Sin embargo, y a pesar de esos esfuerzos, este a\u00f1o hemos podido constatar con mayor claridad que las clases presenciales son irremplazables y aunque sabemos que el pr\u00f3ximo a\u00f1o tambi\u00e9n ser\u00e1 desafiante y nuevamente pondr\u00e1 a prueba el liderazgo y el trabajo de las comunidades escolares, debemos planificar con tiempo para poder recibir a nuestros estudiantes el 1 de marzo\u201d, explic\u00f3 el ministro de educaci\u00f3n, Ra\u00fal Figueroa.<\/p>\n<p>&nbsp;<\/p>\n<h5><strong>Modalidad presencial 2021<\/strong><\/h5>\n<p>Si bien la modalidad presencial ser\u00e1 la regla para 2021, el plan de funcionamiento debe ser lo suficientemente vers\u00e1til para estar preparado ante un cambio en las condiciones sanitarias, que depender\u00e1 de las medidas que adopte la autoridad sanitaria.<\/p>\n<p>Para el a\u00f1o escolar 2021, el Ministerio de Educaci\u00f3n recomienda al sistema escolar, la adopci\u00f3n de un r\u00e9gimen trimestral de organizaci\u00f3n del a\u00f1o escolar para planificar en tramos m\u00e1s cortos, los cuales pueden ajustarse con mayor facilidad y permiten monitorear durante 3 ciclos completos los avances curriculares.<\/p>\n<p>La Agencia de Calidad de la Educaci\u00f3n, pondr\u00e1 a disposici\u00f3n de todos los establecimientos educacionales, una evaluaci\u00f3n diagn\u00f3stica que permita planificar las flexibilizaciones curriculares pertinentes. Esta evaluaci\u00f3n diagn\u00f3stica deber\u00e1 realizarse a m\u00e1s tardar hasta el 15 de marzo y podr\u00e1 ser complementada por evaluaciones propias de los establecimientos.<\/p>\n[\/et_pb_text][\/et_pb_column][\/et_pb_row][\/et_pb_section]\n","protected":false},"excerpt":{"rendered":"<p>El Ministerio envi\u00f3 al sistema educativo lineamientos para que todos los colegios puedan elaborar con tiempo un plan de retorno presencial que cumpla con los protocolos elaborados por el Minsal.<\/p>\n","protected":false},"author":2,"featured_media":2014,"comment_status":"closed","ping_status":"closed","sticky":false,"template":"","format":"standard","meta":{"_et_pb_use_builder":"on","_et_pb_old_content":"","_et_gb_content_width":"","footnotes":""},"categories":[17],"tags":[49,50,51,52],"class_list":["post-2009","post","type-post","status-publish","format-standard","has-post-thumbnail","hentry","category-noticias","tag-ano-escolar-2021","tag-inicio-del-ano-escolar","tag-mineduc","tag-plan-de-retorno-presencial"],"yoast_head":"<!-- This site is optimized with the Yoast SEO plugin v26.6 - https:\/\/yoast.com\/wordpress\/plugins\/seo\/ -->\n<title>Mineduc fija el 1 de marzo inicio del a\u00f1o escolar 2021<\/title>\n<meta name=\"description\" content=\"Mineduc fij\u00f3 el 1 de marzo inicio del a\u00f1o escolar 2021 y envi\u00f3 lineamientos para elaborar plan de retorno presencial acorde con el Minsal.\" \/>\n<meta name=\"robots\" content=\"index, follow, max-snippet:-1, max-image-preview:large, max-video-preview:-1\" \/>\n<link rel=\"canonical\" href=\"https:\/\/vitaplay.cl\/?p=2009\" \/>\n<meta property=\"og:locale\" content=\"es_ES\" \/>\n<meta property=\"og:type\" content=\"article\" \/>\n<meta property=\"og:title\" content=\"Mineduc fija el 1 de marzo inicio del a\u00f1o escolar 2021\" \/>\n<meta property=\"og:description\" content=\"Mineduc fij\u00f3 el 1 de marzo inicio del a\u00f1o escolar 2021 y envi\u00f3 lineamientos para elaborar plan de retorno presencial acorde con el Minsal.\" \/>\n<meta property=\"og:url\" content=\"https:\/\/vitaplay.cl\/?p=2009\" \/>\n<meta property=\"og:site_name\" content=\"Corporaci\u00f3n Vitaplay\" \/>\n<meta property=\"article:published_time\" content=\"2020-11-26T01:15:10+00:00\" \/>\n<meta property=\"article:modified_time\" content=\"2020-11-26T03:19:30+00:00\" \/>\n<meta property=\"og:image\" content=\"https:\/\/vitaplay.cl\/wp-content\/uploads\/2020\/11\/Inicio-del-an\u0303o-escolar-2021.jpg\" \/>\n\t<meta property=\"og:image:width\" content=\"800\" \/>\n\t<meta property=\"og:image:height\" content=\"480\" \/>\n\t<meta property=\"og:image:type\" content=\"image\/jpeg\" \/>\n<meta name=\"twitter:card\" content=\"summary_large_image\" \/>\n<meta name=\"twitter:label1\" content=\"Escrito por\" \/>\n\t<meta name=\"twitter:data1\" content=\"\" \/>\n\t<meta name=\"twitter:label2\" content=\"Tiempo de lectura\" \/>\n\t<meta name=\"twitter:data2\" content=\"3 minutos\" \/>\n<script type=\"application\/ld+json\" class=\"yoast-schema-graph\">{\"@context\":\"https:\/\/schema.org\",\"@graph\":[{\"@type\":\"WebPage\",\"@id\":\"https:\/\/vitaplay.cl\/?p=2009\",\"url\":\"https:\/\/vitaplay.cl\/?p=2009\",\"name\":\"Mineduc fija el 1 de marzo inicio del a\u00f1o escolar 2021\",\"isPartOf\":{\"@id\":\"https:\/\/vitaplay.cl\/#website\"},\"primaryImageOfPage\":{\"@id\":\"https:\/\/vitaplay.cl\/?p=2009#primaryimage\"},\"image\":{\"@id\":\"https:\/\/vitaplay.cl\/?p=2009#primaryimage\"},\"thumbnailUrl\":\"https:\/\/vitaplay.cl\/wp-content\/uploads\/2020\/11\/Inicio-del-an\u0303o-escolar-2021.jpg\",\"datePublished\":\"2020-11-26T01:15:10+00:00\",\"dateModified\":\"2020-11-26T03:19:30+00:00\",\"author\":{\"@id\":\"\"},\"description\":\"Mineduc fij\u00f3 el 1 de marzo inicio del a\u00f1o escolar 2021 y envi\u00f3 lineamientos para elaborar plan de retorno presencial acorde con el Minsal.\",\"breadcrumb\":{\"@id\":\"https:\/\/vitaplay.cl\/?p=2009#breadcrumb\"},\"inLanguage\":\"es\",\"potentialAction\":[{\"@type\":\"ReadAction\",\"target\":[\"https:\/\/vitaplay.cl\/?p=2009\"]}]},{\"@type\":\"ImageObject\",\"inLanguage\":\"es\",\"@id\":\"https:\/\/vitaplay.cl\/?p=2009#primaryimage\",\"url\":\"https:\/\/vitaplay.cl\/wp-content\/uploads\/2020\/11\/Inicio-del-an\u0303o-escolar-2021.jpg\",\"contentUrl\":\"https:\/\/vitaplay.cl\/wp-content\/uploads\/2020\/11\/Inicio-del-an\u0303o-escolar-2021.jpg\",\"width\":800,\"height\":480,\"caption\":\"Inicio del an\u0303o escolar 2021\"},{\"@type\":\"BreadcrumbList\",\"@id\":\"https:\/\/vitaplay.cl\/?p=2009#breadcrumb\",\"itemListElement\":[{\"@type\":\"ListItem\",\"position\":1,\"name\":\"Portada\",\"item\":\"https:\/\/vitaplay.cl\/\"},{\"@type\":\"ListItem\",\"position\":2,\"name\":\"Mineduc fija el 1 de marzo inicio del a\u00f1o escolar 2021\"}]},{\"@type\":\"WebSite\",\"@id\":\"https:\/\/vitaplay.cl\/#website\",\"url\":\"https:\/\/vitaplay.cl\/\",\"name\":\"Corporaci\u00f3n Vitaplay\",\"description\":\"Un mundo de aventuras\",\"potentialAction\":[{\"@type\":\"SearchAction\",\"target\":{\"@type\":\"EntryPoint\",\"urlTemplate\":\"https:\/\/vitaplay.cl\/?s={search_term_string}\"},\"query-input\":{\"@type\":\"PropertyValueSpecification\",\"valueRequired\":true,\"valueName\":\"search_term_string\"}}],\"inLanguage\":\"es\"},{\"@type\":\"Person\",\"@id\":\"\",\"url\":\"https:\/\/vitaplay.cl\/?author=2\"}]}<\/script>\n<!-- \/ Yoast SEO plugin. -->","yoast_head_json":{"title":"Mineduc fija el 1 de marzo inicio del a\u00f1o escolar 2021","description":"Mineduc fij\u00f3 el 1 de marzo inicio del a\u00f1o escolar 2021 y envi\u00f3 lineamientos para elaborar plan de retorno presencial acorde con el Minsal.","robots":{"index":"index","follow":"follow","max-snippet":"max-snippet:-1","max-image-preview":"max-image-preview:large","max-video-preview":"max-video-preview:-1"},"canonical":"https:\/\/vitaplay.cl\/?p=2009","og_locale":"es_ES","og_type":"article","og_title":"Mineduc fija el 1 de marzo inicio del a\u00f1o escolar 2021","og_description":"Mineduc fij\u00f3 el 1 de marzo inicio del a\u00f1o escolar 2021 y envi\u00f3 lineamientos para elaborar plan de retorno presencial acorde con el Minsal.","og_url":"https:\/\/vitaplay.cl\/?p=2009","og_site_name":"Corporaci\u00f3n Vitaplay","article_published_time":"2020-11-26T01:15:10+00:00","article_modified_time":"2020-11-26T03:19:30+00:00","og_image":[{"width":800,"height":480,"url":"https:\/\/vitaplay.cl\/wp-content\/uploads\/2020\/11\/Inicio-del-an\u0303o-escolar-2021.jpg","type":"image\/jpeg"}],"twitter_card":"summary_large_image","twitter_misc":{"Escrito por":"","Tiempo de lectura":"3 minutos"},"schema":{"@context":"https:\/\/schema.org","@graph":[{"@type":"WebPage","@id":"https:\/\/vitaplay.cl\/?p=2009","url":"https:\/\/vitaplay.cl\/?p=2009","name":"Mineduc fija el 1 de marzo inicio del a\u00f1o escolar 2021","isPartOf":{"@id":"https:\/\/vitaplay.cl\/#website"},"primaryImageOfPage":{"@id":"https:\/\/vitaplay.cl\/?p=2009#primaryimage"},"image":{"@id":"https:\/\/vitaplay.cl\/?p=2009#primaryimage"},"thumbnailUrl":"https:\/\/vitaplay.cl\/wp-content\/uploads\/2020\/11\/Inicio-del-an\u0303o-escolar-2021.jpg","datePublished":"2020-11-26T01:15:10+00:00","dateModified":"2020-11-26T03:19:30+00:00","author":{"@id":""},"description":"Mineduc fij\u00f3 el 1 de marzo inicio del a\u00f1o escolar 2021 y envi\u00f3 lineamientos para elaborar plan de retorno presencial acorde con el Minsal.","breadcrumb":{"@id":"https:\/\/vitaplay.cl\/?p=2009#breadcrumb"},"inLanguage":"es","potentialAction":[{"@type":"ReadAction","target":["https:\/\/vitaplay.cl\/?p=2009"]}]},{"@type":"ImageObject","inLanguage":"es","@id":"https:\/\/vitaplay.cl\/?p=2009#primaryimage","url":"https:\/\/vitaplay.cl\/wp-content\/uploads\/2020\/11\/Inicio-del-an\u0303o-escolar-2021.jpg","contentUrl":"https:\/\/vitaplay.cl\/wp-content\/uploads\/2020\/11\/Inicio-del-an\u0303o-escolar-2021.jpg","width":800,"height":480,"caption":"Inicio del an\u0303o escolar 2021"},{"@type":"BreadcrumbList","@id":"https:\/\/vitaplay.cl\/?p=2009#breadcrumb","itemListElement":[{"@type":"ListItem","position":1,"name":"Portada","item":"https:\/\/vitaplay.cl\/"},{"@type":"ListItem","position":2,"name":"Mineduc fija el 1 de marzo inicio del a\u00f1o escolar 2021"}]},{"@type":"WebSite","@id":"https:\/\/vitaplay.cl\/#website","url":"https:\/\/vitaplay.cl\/","name":"Corporaci\u00f3n Vitaplay","description":"Un mundo de aventuras","potentialAction":[{"@type":"SearchAction","target":{"@type":"EntryPoint","urlTemplate":"https:\/\/vitaplay.cl\/?s={search_term_string}"},"query-input":{"@type":"PropertyValueSpecification","valueRequired":true,"valueName":"search_term_string"}}],"inLanguage":"es"},{"@type":"Person","@id":"","url":"https:\/\/vitaplay.cl\/?author=2"}]}},"_links":{"self":[{"href":"https:\/\/vitaplay.cl\/index.php?rest_route=\/wp\/v2\/posts\/2009","targetHints":{"allow":["GET"]}}],"collection":[{"href":"https:\/\/vitaplay.cl\/index.php?rest_route=\/wp\/v2\/posts"}],"about":[{"href":"https:\/\/vitaplay.cl\/index.php?rest_route=\/wp\/v2\/types\/post"}],"author":[{"embeddable":true,"href":"https:\/\/vitaplay.cl\/index.php?rest_route=\/wp\/v2\/users\/2"}],"replies":[{"embeddable":true,"href":"https:\/\/vitaplay.cl\/index.php?rest_route=%2Fwp%2Fv2%2Fcomments&post=2009"}],"version-history":[{"count":10,"href":"https:\/\/vitaplay.cl\/index.php?rest_route=\/wp\/v2\/posts\/2009\/revisions"}],"predecessor-version":[{"id":2051,"href":"https:\/\/vitaplay.cl\/index.php?rest_route=\/wp\/v2\/posts\/2009\/revisions\/2051"}],"wp:featuredmedia":[{"embeddable":true,"href":"https:\/\/vitaplay.cl\/index.php?rest_route=\/wp\/v2\/media\/2014"}],"wp:attachment":[{"href":"https:\/\/vitaplay.cl\/index.php?rest_route=%2Fwp%2Fv2%2Fmedia&parent=2009"}],"wp:term":[{"taxonomy":"category","embeddable":true,"href":"https:\/\/vitaplay.cl\/index.php?rest_route=%2Fwp%2Fv2%2Fcategories&post=2009"},{"taxonomy":"post_tag","embeddable":true,"href":"https:\/\/vitaplay.cl\/index.php?rest_route=%2Fwp%2Fv2%2Ftags&post=2009"}],"curies":[{"name":"wp","href":"https:\/\/api.w.org\/{rel}","templated":true}]}}