{"id":1843,"date":"2020-11-03T00:42:35","date_gmt":"2020-11-03T00:42:35","guid":{"rendered":"https:\/\/vitaplay.cl\/?p=1843"},"modified":"2020-11-24T01:41:27","modified_gmt":"2020-11-24T01:41:27","slug":"estan-preparados-los-preescolares-para-la-nueva-normalidad","status":"publish","type":"post","link":"https:\/\/vitaplay.cl\/?p=1843","title":{"rendered":"\u00bfEst\u00e1n Preparados los Preescolares para la Nueva Normalidad?"},"content":{"rendered":"[et_pb_section fb_built=\u00bb1&#8243; _builder_version=\u00bb4.6.6&#8243; _module_preset=\u00bbdefault\u00bb][et_pb_row _builder_version=\u00bb4.6.6&#8243; _module_preset=\u00bbdefault\u00bb][et_pb_column type=\u00bb4_4&#8243; _builder_version=\u00bb4.6.6&#8243; _module_preset=\u00bbdefault\u00bb][et_pb_text admin_label=\u00bbTexto 1&#8243; _builder_version=\u00bb4.6.6&#8243; _module_preset=\u00bbdefault\u00bb]\n<p>El mundo entero est\u00e1 lidiando actualmente con un vuelco sin precedentes debido a la propagaci\u00f3n del virus COVID-19. Por este motivo, ni\u00f1os y adultos nos hemos visto forzados a reconfigurarnos r\u00e1pidamente para encajar en una \u201cnueva normalidad\u201d que nadie previ\u00f3.<\/p>\n<p>En nuestro pa\u00eds, las expectativas del gobierno son reabrir las escuelas en a la brevedad posible, sin embargo, no hay que desconocer que las medidas de seguridad y distanciamiento social continuar\u00e1n formando parte de nuestra vida por un largo tiempo.<\/p>\n<p>Con el cierre de las escuelas a lo largo de todo el pa\u00eds, la mayor\u00eda de los padres y tutores hemos tenido que transformarnos repentinamente en educadores para mantener a nuestros ni\u00f1os ocupados y educados, al mismo tiempo que continuamos trabajando desde nuestros hogares.<\/p>\n<p>Para ayudarnos con la tarea de educadores, existen plataformas disponibles que proveen diversos recursos educativos, en vivo y en l\u00ednea, para ni\u00f1os menores de seis a\u00f1os.<\/p>\n<p>&nbsp;<\/p>\n<p><strong>\u00bfC\u00f3mo adaptar a los preescolares a la vida despu\u00e9s de la cuarentena<\/strong>?<\/p>\n<p>Si bien, todos anhelamos volver pronto a la normalidad, en cierto grado, consideramos importante compartir algunos puntos de vista y tambi\u00e9n recursos de utilidad para ayudar a nuestros hijos, principalmente a los preescolares, a asimilar y enfrentar la \u201cnueva normalidad\u201d.<\/p>\n<p>Mientras el virus contin\u00faa propag\u00e1ndose, incluso los m\u00e1s peque\u00f1itos tienen inter\u00e9s en o\u00edr algo sobre la enfermedad. Cuando hables con ellos, ten en cuenta estos consejos:<\/p>\n<ul>\n<li>Probablemente tendr\u00e1n algunas preguntas, desde temas serios hasta cosas que pueden parecer chistosas. Perm\u00edteles preguntar todo lo que quieran.<\/li>\n<li>Aseg\u00farate de entregarles datos b\u00e1sicos reales y de forma adecuada para sus edades: Lo que sucede en China no es igual a Washington, por ejemplo.<\/li>\n<li>Los ni\u00f1os de edad preescolar tienden a ser muy egoc\u00e9ntricos; cuando ven u oyen informaci\u00f3n que consideran nueva, inmediatamente asumen que es relevante para ellos.<\/li>\n<li>Atr\u00e9vete a decir \u201cno s\u00e9\u201d. Si no sabes alguna respuesta, no trates de tranquilizarlo inventando una respuesta que le guste.<\/li>\n<li>Expl\u00edcales con palabras sencillas lo que est\u00e1 sucediendo, la causa y algunas consecuencias.<\/li>\n<li>Intenta hacerles entender por qu\u00e9 las medidas de distanciamiento social e higiene son necesarias: Ens\u00e9\u00f1ales las consecuencias al no cumplir con aquellas medidas y tambi\u00e9n los beneficios al obedecer las reglas de seguridad.<\/li>\n<li>Los adultos debemos ayudar a los peque\u00f1os a comprender la informaci\u00f3n poni\u00e9ndola en contexto, con ejemplos reales que ellos puedan entender.<\/li>\n<li>Lo que muestra la televisi\u00f3n, NO siempre es lo que parece: Los peque\u00f1os no siempre distinguen si una noticia est\u00e1 sucediendo es en su entorno o en un pa\u00eds lejano.<\/li>\n<\/ul>\n<p>Ens\u00e9\u00f1ales que las personas no se enferman por ser de una raza espec\u00edfica.<\/p>\n<p>\u201cLa habilidad de los ni\u00f1os para desarrollarse, avanzar y atreverse a explorar el mundo, proviene de una sensaci\u00f3n interna de seguridad\u201d, Tovah P. Klein, Directora del Centro de Desarrollo para Preescolares de Barnard College.<\/p>\n[\/et_pb_text][et_pb_text admin_label=\u00bbTexto 2&#8243; _builder_version=\u00bb4.6.6&#8243; _module_preset=\u00bbdefault\u00bb]\n<p>&nbsp;<\/p>\n<p><strong>Mantener la calma es muy importante.<\/strong><\/p>\n<p>La forma en que los adultos debemos hablar a los ni\u00f1os es clave: Cuando un peque\u00f1o est\u00e1 en presencia de un adulto que est\u00e1 muy asustado, es muy probable que el ni\u00f1o tambi\u00e9n sienta temor. Por lo tanto, es fundamental respirar profundo antes de comenzar este tipo de conversaciones.<\/p>\n[\/et_pb_text][\/et_pb_column][\/et_pb_row][et_pb_row column_structure=\u00bb1_2,1_2&#8243; _builder_version=\u00bb4.6.6&#8243; _module_preset=\u00bbdefault\u00bb][et_pb_column type=\u00bb1_2&#8243; _builder_version=\u00bb4.6.6&#8243; _module_preset=\u00bbdefault\u00bb][et_pb_image src=\u00bbhttps:\/\/vitaplay.cl\/wp-content\/uploads\/2020\/11\/Conversando-con-un-preescolar.jpg\u00bb alt=\u00bbConversando con un preescolar\u00bb title_text=\u00bbConversando con un preescolar\u00bb _builder_version=\u00bb4.6.6&#8243; _module_preset=\u00bbdefault\u00bb][\/et_pb_image][\/et_pb_column][et_pb_column type=\u00bb1_2&#8243; _builder_version=\u00bb4.6.6&#8243; _module_preset=\u00bbdefault\u00bb][et_pb_text admin_label=\u00bbTexto 3&#8243; _builder_version=\u00bb4.6.6&#8243; _module_preset=\u00bbdefault\u00bb]\n<ul>\n<li>Evita comentarios que puedan preocuparlos, tales como: \u201cSe acab\u00f3 el alcohol gel y no hay m\u00e1s en el supermercado\u201d. \u201c\u00bfQu\u00e9 vamos a hacer si la escuela no abre m\u00e1s?\u201d \u201cVamos a tener que cancelar las vacaciones\u201d.<\/li>\n<li>Los ni\u00f1os en edad preescolar perciben las emociones de los adultos, pero no entienden el contenido de ellas.<\/li>\n<li>Si por error expresas frustraci\u00f3n o alguna emoci\u00f3n negativa frente a tus ni\u00f1os, es importante que luego te acerques y lo enmiendes para tranquilizarlos.<\/li>\n<li>Procura siempre calmar los miedos de tus hijos, ya que la ansiedad puede interferir en el aprendizaje y desarrollo de ellos. Es dif\u00edcil para ellos absorber nueva informaci\u00f3n cuando notan que t\u00fa est\u00e1s ansioso o preocupado por algo.<\/li>\n<li>Cada d\u00eda, los ni\u00f1os peque\u00f1os necesitan sentir que su mundo y su gente est\u00e1n bien.<\/li>\n<\/ul>\n[\/et_pb_text][\/et_pb_column][\/et_pb_row][et_pb_row _builder_version=\u00bb4.6.6&#8243; _module_preset=\u00bbdefault\u00bb][et_pb_column type=\u00bb4_4&#8243; _builder_version=\u00bb4.6.6&#8243; _module_preset=\u00bbdefault\u00bb][et_pb_text admin_label=\u00bbTexto 4&#8243; _builder_version=\u00bb4.6.6&#8243; _module_preset=\u00bbdefault\u00bb]\n<p><strong>Algunas ideas \u00fatiles para hacer el distanciamiento social entretenido.<\/strong><\/p>\n[\/et_pb_text][\/et_pb_column][\/et_pb_row][et_pb_row column_structure=\u00bb1_2,1_2&#8243; _builder_version=\u00bb4.6.6&#8243; _module_preset=\u00bbdefault\u00bb][et_pb_column type=\u00bb1_2&#8243; _builder_version=\u00bb4.6.6&#8243; _module_preset=\u00bbdefault\u00bb][et_pb_text admin_label=\u00bbTexto 5&#8243; _builder_version=\u00bb4.6.6&#8243; _module_preset=\u00bbdefault\u00bb]\n<ul>\n<li>A la edad preescolar, los ni\u00f1os todav\u00eda no tienen noci\u00f3n del tiempo, por lo que no entienden la diferencia entre 5 y 20 segundos. Una canci\u00f3n es una excelente forma de ayudarles a tomar el tiempo a la hora de lavar sus manos.<\/li>\n<li>Usar mascarillas o cualquier cubre boca en casa, ayudar\u00e1 a que tus hijos se acostumbren a ellas y tambi\u00e9n a la forma correcta de usarlas, adem\u00e1s de hacerlos menos sensibles cuando eventualmente salgan y tengan contacto con otras personas. Por ejemplo, deja que ellos decoren sus propias mascarillas y p\u00eddeles que practiquen poni\u00e9ndolas en sus peluches, siguiendo estos tres pasos: 1) Toma la mascarilla desde los el\u00e1sticos solamente. 2) Ponla cubriendo la nariz y la boca y luego aj\u00fastala sobre la nariz. 3) Ahora est\u00edrala hacia abajo para cubrir el ment\u00f3n.<\/li>\n<li><strong>No le pongas mascarilla a tus ni\u00f1os menores de dos a\u00f1os:<\/strong> De acuerdo con el Centro de Control de Enfermedades de los Estados Unidos, los menores de dos a\u00f1os, especialmente los beb\u00e9s, no deben usar mascarilla en ninguna circunstancia. Las v\u00edas respiratorias de los beb\u00e9s son muy peque\u00f1as y ellos carecen de la habilidad de reposicionarse si tienen dificultad para respirar.<\/li>\n<\/ul>\n[\/et_pb_text][\/et_pb_column][et_pb_column type=\u00bb1_2&#8243; _builder_version=\u00bb4.6.6&#8243; _module_preset=\u00bbdefault\u00bb][et_pb_image src=\u00bbhttps:\/\/vitaplay.cl\/wp-content\/uploads\/2020\/11\/Preescolar-lavado-de-manos-1.jpg\u00bb alt=\u00bbPreescolar-lavado-de-manos\u00bb title_text=\u00bbPreescolar-lavado de manos\u00bb _builder_version=\u00bb4.6.6&#8243; _module_preset=\u00bbdefault\u00bb][\/et_pb_image][et_pb_image src=\u00bbhttps:\/\/vitaplay.cl\/wp-content\/uploads\/2020\/11\/Preescolar-COVID.jpg\u00bb alt=\u00bbPreescolar con m\u00e1scara\u00bb title_text=\u00bbPreescolar con m\u00e1scara\u00bb _builder_version=\u00bb4.6.6&#8243; _module_preset=\u00bbdefault\u00bb custom_margin=\u00bb||||false|false\u00bb][\/et_pb_image][\/et_pb_column][\/et_pb_row][et_pb_row _builder_version=\u00bb4.6.6&#8243; _module_preset=\u00bbdefault\u00bb][et_pb_column type=\u00bb4_4&#8243; _builder_version=\u00bb4.6.6&#8243; _module_preset=\u00bbdefault\u00bb][et_pb_text admin_label=\u00bbTexto 6&#8243; _builder_version=\u00bb4.6.6&#8243; _module_preset=\u00bbdefault\u00bb]\n<ul>\n<li>Siempre es recomendable dejar a los ni\u00f1os peque\u00f1os en casa cuando tengas que viajar o visitar alg\u00fan lugar muy concurrido. Si no tienes la posibilidad de dejarlos y debes llevarlos contigo, opta por usar una mantita delgada y liviana para mantenerlos protegidos de g\u00e9rmenes externos.<\/li>\n<\/ul>\n[\/et_pb_text][et_pb_text admin_label=\u00bbTexto 7&#8243; _builder_version=\u00bb4.6.6&#8243; _module_preset=\u00bbdefault\u00bb]\n<p>Recuerda que el distanciamiento social es un trabajo de equipo y requiere que los adultos reforcemos a nuestros peque\u00f1os. Usar una mascarilla y cumplir con las reglas de distancia social es una se\u00f1al de respeto hacia los dem\u00e1s y puede ayudar a prevenir el contagio del virus.<\/p>\n<p>&nbsp;<\/p>\n<h5 style=\"text-align: center;\"><strong>\u201cUsa una mascarilla para protegerme y yo uso una mascarilla para protegerte\u201d.<\/strong><\/h5>\n[\/et_pb_text][et_pb_text admin_label=\u00bbTexto 8&#8243; _builder_version=\u00bb4.7.3&#8243; _module_preset=\u00bbdefault\u00bb hover_enabled=\u00bb0&#8243; sticky_enabled=\u00bb0&#8243;]\n<h2><img loading=\"lazy\" decoding=\"async\" class=\"wp-image-1986  aligncenter\" src=\"https:\/\/vitaplay.cl\/wp-content\/uploads\/2020\/11\/Jani-2-300x233.jpg\" alt=\"Jani 2\" width=\"213\" height=\"166\" data-mce-fragment=\"1\" \/>\u200b<\/h2>\n<h2 style=\"text-align: center;\"><a href=\"https:\/\/www.linkedin.com\/in\/alesoprano\/\" target=\"_blank\" rel=\"noopener noreferrer\">Alejandra Jim\u00e9nez<\/a><\/h2>\n<p style=\"text-align: center;\"><strong>Mag\u00edster en Teor\u00edas de Aprendizaje de la Lengua Inglesa<\/strong><\/p>\n[\/et_pb_text][\/et_pb_column][\/et_pb_row][\/et_pb_section]\n","protected":false},"excerpt":{"rendered":"<p>Mientras todos anhelamos volver pronto a la normalidad, en cierto grado, consideramos importante compartir algunos puntos de vista y tambi\u00e9n recursos de utilidad para ayudar a nuestros hijos, principalmente a los preescolares, a asimilar y enfrentar la \u201cnueva normalidad\u201d. Incluso los m\u00e1s peque\u00f1itos tienen inter\u00e9s en o\u00edr algo sobre el COVID-19. Cuando hables con ellos, ten en cuenta estos consejos:<\/p>\n","protected":false},"author":2,"featured_media":1846,"comment_status":"closed","ping_status":"closed","sticky":false,"template":"","format":"standard","meta":{"_et_pb_use_builder":"on","_et_pb_old_content":"","_et_gb_content_width":"","footnotes":""},"categories":[16],"tags":[37,35,36],"class_list":["post-1843","post","type-post","status-publish","format-standard","has-post-thumbnail","hentry","category-blog","tag-covid-19","tag-nueva-normalidad","tag-preescolares"],"yoast_head":"<!-- This site is optimized with the Yoast SEO plugin v26.6 - https:\/\/yoast.com\/wordpress\/plugins\/seo\/ -->\n<title>\u00bfEst\u00e1n Preparados los Preescolares para la Nueva Normalidad? - Corporaci\u00f3n Vitaplay<\/title>\n<meta name=\"description\" content=\"Incluso los ni\u00f1os m\u00e1s peque\u00f1itos tienen inter\u00e9s en o\u00edr algo sobre el COVID-19. Cuando hables con ellos, ten en cuenta estos consejos:\" \/>\n<meta name=\"robots\" content=\"index, follow, max-snippet:-1, max-image-preview:large, max-video-preview:-1\" \/>\n<link rel=\"canonical\" href=\"https:\/\/vitaplay.cl\/?p=1843\" \/>\n<meta property=\"og:locale\" content=\"es_ES\" \/>\n<meta property=\"og:type\" content=\"article\" \/>\n<meta property=\"og:title\" content=\"\u00bfEst\u00e1n Preparados los Preescolares para la Nueva Normalidad? - Corporaci\u00f3n Vitaplay\" \/>\n<meta property=\"og:description\" content=\"Incluso los ni\u00f1os m\u00e1s peque\u00f1itos tienen inter\u00e9s en o\u00edr algo sobre el COVID-19. Cuando hables con ellos, ten en cuenta estos consejos:\" \/>\n<meta property=\"og:url\" content=\"https:\/\/vitaplay.cl\/?p=1843\" \/>\n<meta property=\"og:site_name\" content=\"Corporaci\u00f3n Vitaplay\" \/>\n<meta property=\"article:published_time\" content=\"2020-11-03T00:42:35+00:00\" \/>\n<meta property=\"article:modified_time\" content=\"2020-11-24T01:41:27+00:00\" \/>\n<meta property=\"og:image\" content=\"https:\/\/vitaplay.cl\/wp-content\/uploads\/2020\/11\/Preescolar-COVID.jpg\" \/>\n\t<meta property=\"og:image:width\" content=\"828\" \/>\n\t<meta property=\"og:image:height\" content=\"814\" \/>\n\t<meta property=\"og:image:type\" content=\"image\/jpeg\" \/>\n<meta name=\"twitter:card\" content=\"summary_large_image\" \/>\n<meta name=\"twitter:label1\" content=\"Escrito por\" \/>\n\t<meta name=\"twitter:data1\" content=\"\" \/>\n\t<meta name=\"twitter:label2\" content=\"Tiempo de lectura\" \/>\n\t<meta name=\"twitter:data2\" content=\"7 minutos\" \/>\n<script type=\"application\/ld+json\" class=\"yoast-schema-graph\">{\"@context\":\"https:\/\/schema.org\",\"@graph\":[{\"@type\":\"WebPage\",\"@id\":\"https:\/\/vitaplay.cl\/?p=1843\",\"url\":\"https:\/\/vitaplay.cl\/?p=1843\",\"name\":\"\u00bfEst\u00e1n Preparados los Preescolares para la Nueva Normalidad? - Corporaci\u00f3n Vitaplay\",\"isPartOf\":{\"@id\":\"https:\/\/vitaplay.cl\/#website\"},\"primaryImageOfPage\":{\"@id\":\"https:\/\/vitaplay.cl\/?p=1843#primaryimage\"},\"image\":{\"@id\":\"https:\/\/vitaplay.cl\/?p=1843#primaryimage\"},\"thumbnailUrl\":\"https:\/\/vitaplay.cl\/wp-content\/uploads\/2020\/11\/Preescolar-COVID.jpg\",\"datePublished\":\"2020-11-03T00:42:35+00:00\",\"dateModified\":\"2020-11-24T01:41:27+00:00\",\"author\":{\"@id\":\"\"},\"description\":\"Incluso los ni\u00f1os m\u00e1s peque\u00f1itos tienen inter\u00e9s en o\u00edr algo sobre el COVID-19. Cuando hables con ellos, ten en cuenta estos consejos:\",\"breadcrumb\":{\"@id\":\"https:\/\/vitaplay.cl\/?p=1843#breadcrumb\"},\"inLanguage\":\"es\",\"potentialAction\":[{\"@type\":\"ReadAction\",\"target\":[\"https:\/\/vitaplay.cl\/?p=1843\"]}]},{\"@type\":\"ImageObject\",\"inLanguage\":\"es\",\"@id\":\"https:\/\/vitaplay.cl\/?p=1843#primaryimage\",\"url\":\"https:\/\/vitaplay.cl\/wp-content\/uploads\/2020\/11\/Preescolar-COVID.jpg\",\"contentUrl\":\"https:\/\/vitaplay.cl\/wp-content\/uploads\/2020\/11\/Preescolar-COVID.jpg\",\"width\":828,\"height\":814,\"caption\":\"Preescolar con m\u00e1scara\"},{\"@type\":\"BreadcrumbList\",\"@id\":\"https:\/\/vitaplay.cl\/?p=1843#breadcrumb\",\"itemListElement\":[{\"@type\":\"ListItem\",\"position\":1,\"name\":\"Portada\",\"item\":\"https:\/\/vitaplay.cl\/\"},{\"@type\":\"ListItem\",\"position\":2,\"name\":\"\u00bfEst\u00e1n Preparados los Preescolares para la Nueva Normalidad?\"}]},{\"@type\":\"WebSite\",\"@id\":\"https:\/\/vitaplay.cl\/#website\",\"url\":\"https:\/\/vitaplay.cl\/\",\"name\":\"Corporaci\u00f3n Vitaplay\",\"description\":\"Un mundo de aventuras\",\"potentialAction\":[{\"@type\":\"SearchAction\",\"target\":{\"@type\":\"EntryPoint\",\"urlTemplate\":\"https:\/\/vitaplay.cl\/?s={search_term_string}\"},\"query-input\":{\"@type\":\"PropertyValueSpecification\",\"valueRequired\":true,\"valueName\":\"search_term_string\"}}],\"inLanguage\":\"es\"},{\"@type\":\"Person\",\"@id\":\"\",\"url\":\"https:\/\/vitaplay.cl\/?author=2\"}]}<\/script>\n<!-- \/ Yoast SEO plugin. -->","yoast_head_json":{"title":"\u00bfEst\u00e1n Preparados los Preescolares para la Nueva Normalidad? - Corporaci\u00f3n Vitaplay","description":"Incluso los ni\u00f1os m\u00e1s peque\u00f1itos tienen inter\u00e9s en o\u00edr algo sobre el COVID-19. Cuando hables con ellos, ten en cuenta estos consejos:","robots":{"index":"index","follow":"follow","max-snippet":"max-snippet:-1","max-image-preview":"max-image-preview:large","max-video-preview":"max-video-preview:-1"},"canonical":"https:\/\/vitaplay.cl\/?p=1843","og_locale":"es_ES","og_type":"article","og_title":"\u00bfEst\u00e1n Preparados los Preescolares para la Nueva Normalidad? - Corporaci\u00f3n Vitaplay","og_description":"Incluso los ni\u00f1os m\u00e1s peque\u00f1itos tienen inter\u00e9s en o\u00edr algo sobre el COVID-19. Cuando hables con ellos, ten en cuenta estos consejos:","og_url":"https:\/\/vitaplay.cl\/?p=1843","og_site_name":"Corporaci\u00f3n Vitaplay","article_published_time":"2020-11-03T00:42:35+00:00","article_modified_time":"2020-11-24T01:41:27+00:00","og_image":[{"width":828,"height":814,"url":"https:\/\/vitaplay.cl\/wp-content\/uploads\/2020\/11\/Preescolar-COVID.jpg","type":"image\/jpeg"}],"twitter_card":"summary_large_image","twitter_misc":{"Escrito por":"","Tiempo de lectura":"7 minutos"},"schema":{"@context":"https:\/\/schema.org","@graph":[{"@type":"WebPage","@id":"https:\/\/vitaplay.cl\/?p=1843","url":"https:\/\/vitaplay.cl\/?p=1843","name":"\u00bfEst\u00e1n Preparados los Preescolares para la Nueva Normalidad? - Corporaci\u00f3n Vitaplay","isPartOf":{"@id":"https:\/\/vitaplay.cl\/#website"},"primaryImageOfPage":{"@id":"https:\/\/vitaplay.cl\/?p=1843#primaryimage"},"image":{"@id":"https:\/\/vitaplay.cl\/?p=1843#primaryimage"},"thumbnailUrl":"https:\/\/vitaplay.cl\/wp-content\/uploads\/2020\/11\/Preescolar-COVID.jpg","datePublished":"2020-11-03T00:42:35+00:00","dateModified":"2020-11-24T01:41:27+00:00","author":{"@id":""},"description":"Incluso los ni\u00f1os m\u00e1s peque\u00f1itos tienen inter\u00e9s en o\u00edr algo sobre el COVID-19. Cuando hables con ellos, ten en cuenta estos consejos:","breadcrumb":{"@id":"https:\/\/vitaplay.cl\/?p=1843#breadcrumb"},"inLanguage":"es","potentialAction":[{"@type":"ReadAction","target":["https:\/\/vitaplay.cl\/?p=1843"]}]},{"@type":"ImageObject","inLanguage":"es","@id":"https:\/\/vitaplay.cl\/?p=1843#primaryimage","url":"https:\/\/vitaplay.cl\/wp-content\/uploads\/2020\/11\/Preescolar-COVID.jpg","contentUrl":"https:\/\/vitaplay.cl\/wp-content\/uploads\/2020\/11\/Preescolar-COVID.jpg","width":828,"height":814,"caption":"Preescolar con m\u00e1scara"},{"@type":"BreadcrumbList","@id":"https:\/\/vitaplay.cl\/?p=1843#breadcrumb","itemListElement":[{"@type":"ListItem","position":1,"name":"Portada","item":"https:\/\/vitaplay.cl\/"},{"@type":"ListItem","position":2,"name":"\u00bfEst\u00e1n Preparados los Preescolares para la Nueva Normalidad?"}]},{"@type":"WebSite","@id":"https:\/\/vitaplay.cl\/#website","url":"https:\/\/vitaplay.cl\/","name":"Corporaci\u00f3n Vitaplay","description":"Un mundo de aventuras","potentialAction":[{"@type":"SearchAction","target":{"@type":"EntryPoint","urlTemplate":"https:\/\/vitaplay.cl\/?s={search_term_string}"},"query-input":{"@type":"PropertyValueSpecification","valueRequired":true,"valueName":"search_term_string"}}],"inLanguage":"es"},{"@type":"Person","@id":"","url":"https:\/\/vitaplay.cl\/?author=2"}]}},"_links":{"self":[{"href":"https:\/\/vitaplay.cl\/index.php?rest_route=\/wp\/v2\/posts\/1843","targetHints":{"allow":["GET"]}}],"collection":[{"href":"https:\/\/vitaplay.cl\/index.php?rest_route=\/wp\/v2\/posts"}],"about":[{"href":"https:\/\/vitaplay.cl\/index.php?rest_route=\/wp\/v2\/types\/post"}],"author":[{"embeddable":true,"href":"https:\/\/vitaplay.cl\/index.php?rest_route=\/wp\/v2\/users\/2"}],"replies":[{"embeddable":true,"href":"https:\/\/vitaplay.cl\/index.php?rest_route=%2Fwp%2Fv2%2Fcomments&post=1843"}],"version-history":[{"count":24,"href":"https:\/\/vitaplay.cl\/index.php?rest_route=\/wp\/v2\/posts\/1843\/revisions"}],"predecessor-version":[{"id":1991,"href":"https:\/\/vitaplay.cl\/index.php?rest_route=\/wp\/v2\/posts\/1843\/revisions\/1991"}],"wp:featuredmedia":[{"embeddable":true,"href":"https:\/\/vitaplay.cl\/index.php?rest_route=\/wp\/v2\/media\/1846"}],"wp:attachment":[{"href":"https:\/\/vitaplay.cl\/index.php?rest_route=%2Fwp%2Fv2%2Fmedia&parent=1843"}],"wp:term":[{"taxonomy":"category","embeddable":true,"href":"https:\/\/vitaplay.cl\/index.php?rest_route=%2Fwp%2Fv2%2Fcategories&post=1843"},{"taxonomy":"post_tag","embeddable":true,"href":"https:\/\/vitaplay.cl\/index.php?rest_route=%2Fwp%2Fv2%2Ftags&post=1843"}],"curies":[{"name":"wp","href":"https:\/\/api.w.org\/{rel}","templated":true}]}}